{"id":17531,"date":"2025-05-25T20:43:37","date_gmt":"2025-05-25T18:43:37","guid":{"rendered":"https:\/\/wgphoto.pl\/t\/?p=17531"},"modified":"2025-05-25T20:43:37","modified_gmt":"2025-05-25T18:43:37","slug":"jechal-to-cyknalem","status":"publish","type":"post","link":"https:\/\/wgphoto.pl\/t\/?p=17531","title":{"rendered":"Jecha\u0142, to cykn\u0105\u0142em"},"content":{"rendered":"\n<figure class=\"wp-block-image aligncenter size-full\"><img loading=\"lazy\" decoding=\"async\" width=\"1200\" height=\"800\" src=\"https:\/\/wgphoto.pl\/t\/wp-content\/uploads\/2025\/05\/0412-06.jpg\" alt=\"\" class=\"wp-image-17532\" srcset=\"https:\/\/wgphoto.pl\/t\/wp-content\/uploads\/2025\/05\/0412-06.jpg 1200w, https:\/\/wgphoto.pl\/t\/wp-content\/uploads\/2025\/05\/0412-06-300x200.jpg 300w, https:\/\/wgphoto.pl\/t\/wp-content\/uploads\/2025\/05\/0412-06-768x512.jpg 768w\" sizes=\"auto, (max-width: 1200px) 100vw, 1200px\" \/><\/figure>\n\n\n\n<div class=\"wp-block-group has-global-padding is-layout-constrained wp-block-group-is-layout-constrained\">\n<p>To foto powsta\u0142o tylko dlatego, \u017ce po zrobieniu s\u0105siedniego nie zd\u0105\u017cy\u0142em si\u0119 za bardzo oddali\u0107 od ceglanego domu, a ju\u017c na horyzoncie pojawi\u0142y si\u0119 \u015bwiat\u0142a ET22-1045 prowadz\u0105cej sk\u0142ad w\u0119glarek. 14.07.2004<\/p>\n<\/div>\n","protected":false},"excerpt":{"rendered":"<p>To foto powsta\u0142o tylko dlatego, \u017ce po zrobieniu s\u0105siedniego nie zd\u0105\u017cy\u0142em si\u0119 za bardzo oddali\u0107 od ceglanego domu, a ju\u017c na horyzoncie pojawi\u0142y si\u0119 \u015bwiat\u0142a ET22-1045 prowadz\u0105cej sk\u0142ad w\u0119glarek. 14.07.2004<\/p>\n","protected":false},"author":1,"featured_media":17532,"comment_status":"open","ping_status":"","sticky":false,"template":"","format":"standard","meta":{"footnotes":""},"categories":[62,2,61],"tags":[3676,3677,26,63,27,2399,3678],"class_list":["post-17531","post","type-post","status-publish","format-standard","has-post-thumbnail","hentry","category-analog","category-kolej","category-rok-2004","tag-2004-07-14","tag-bronow","tag-et22","tag-pkp","tag-polska","tag-tab-pl320","tag-taczanow"],"_links":{"self":[{"href":"https:\/\/wgphoto.pl\/t\/index.php?rest_route=\/wp\/v2\/posts\/17531","targetHints":{"allow":["GET"]}}],"collection":[{"href":"https:\/\/wgphoto.pl\/t\/index.php?rest_route=\/wp\/v2\/posts"}],"about":[{"href":"https:\/\/wgphoto.pl\/t\/index.php?rest_route=\/wp\/v2\/types\/post"}],"author":[{"embeddable":true,"href":"https:\/\/wgphoto.pl\/t\/index.php?rest_route=\/wp\/v2\/users\/1"}],"replies":[{"embeddable":true,"href":"https:\/\/wgphoto.pl\/t\/index.php?rest_route=%2Fwp%2Fv2%2Fcomments&post=17531"}],"version-history":[{"count":1,"href":"https:\/\/wgphoto.pl\/t\/index.php?rest_route=\/wp\/v2\/posts\/17531\/revisions"}],"predecessor-version":[{"id":17533,"href":"https:\/\/wgphoto.pl\/t\/index.php?rest_route=\/wp\/v2\/posts\/17531\/revisions\/17533"}],"wp:featuredmedia":[{"embeddable":true,"href":"https:\/\/wgphoto.pl\/t\/index.php?rest_route=\/wp\/v2\/media\/17532"}],"wp:attachment":[{"href":"https:\/\/wgphoto.pl\/t\/index.php?rest_route=%2Fwp%2Fv2%2Fmedia&parent=17531"}],"wp:term":[{"taxonomy":"category","embeddable":true,"href":"https:\/\/wgphoto.pl\/t\/index.php?rest_route=%2Fwp%2Fv2%2Fcategories&post=17531"},{"taxonomy":"post_tag","embeddable":true,"href":"https:\/\/wgphoto.pl\/t\/index.php?rest_route=%2Fwp%2Fv2%2Ftags&post=17531"}],"curies":[{"name":"wp","href":"https:\/\/api.w.org\/{rel}","templated":true}]}}