{"id":17562,"date":"2025-05-25T20:53:43","date_gmt":"2025-05-25T18:53:43","guid":{"rendered":"https:\/\/wgphoto.pl\/t\/?p=17562"},"modified":"2025-05-25T20:53:43","modified_gmt":"2025-05-25T18:53:43","slug":"tramwaj-w-chmurach","status":"publish","type":"post","link":"https:\/\/wgphoto.pl\/t\/?p=17562","title":{"rendered":"Tramwaj w chmurach"},"content":{"rendered":"\n<figure class=\"wp-block-image aligncenter size-full\"><img loading=\"lazy\" decoding=\"async\" width=\"1200\" height=\"800\" src=\"https:\/\/wgphoto.pl\/t\/wp-content\/uploads\/2025\/05\/IMGP6959.jpg\" alt=\"\" class=\"wp-image-17563\" srcset=\"https:\/\/wgphoto.pl\/t\/wp-content\/uploads\/2025\/05\/IMGP6959.jpg 1200w, https:\/\/wgphoto.pl\/t\/wp-content\/uploads\/2025\/05\/IMGP6959-300x200.jpg 300w, https:\/\/wgphoto.pl\/t\/wp-content\/uploads\/2025\/05\/IMGP6959-768x512.jpg 768w\" sizes=\"auto, (max-width: 1200px) 100vw, 1200px\" \/><\/figure>\n\n\n\n<div class=\"wp-block-group has-global-padding is-layout-constrained wp-block-group-is-layout-constrained\">\n<p>Cityrunner oczekuje rozpocz\u0119cia kursu na mijance Kreith, do kt\u00f3rej skr\u00f3cony jest co drugi kurs z Innsbrucku. W tle powinna by\u0107 \u015bciana g\u00f3r, no ale nie wysz\u0142o. Warto zwr\u00f3ci\u0107 uwag\u0119 na dyskretne lecz kompletne oznakowanie: ukres i numeracj\u0119 tor\u00f3w. 19.08.2014<\/p>\n<\/div>\n","protected":false},"excerpt":{"rendered":"<p>Cityrunner oczekuje rozpocz\u0119cia kursu na mijance Kreith, do kt\u00f3rej skr\u00f3cony jest co drugi kurs z Innsbrucku. W tle powinna by\u0107 \u015bciana g\u00f3r, no ale nie wysz\u0142o. Warto zwr\u00f3ci\u0107 uwag\u0119 na dyskretne lecz kompletne oznakowanie: ukres i numeracj\u0119 tor\u00f3w. 19.08.2014<\/p>\n","protected":false},"author":1,"featured_media":17563,"comment_status":"open","ping_status":"","sticky":false,"template":"","format":"standard","meta":{"footnotes":""},"categories":[48,3],"tags":[1397,9,185,241,242,1396,561],"class_list":["post-17562","post","type-post","status-publish","format-standard","has-post-thumbnail","hentry","category-rok-2014","category-tramwaj","tag-2014-08-19","tag-austria","tag-cityrunner","tag-innsbruck","tag-ivb-innsbruck","tag-stubaitalbahn","tag-tramwaj-podmiejski"],"_links":{"self":[{"href":"https:\/\/wgphoto.pl\/t\/index.php?rest_route=\/wp\/v2\/posts\/17562","targetHints":{"allow":["GET"]}}],"collection":[{"href":"https:\/\/wgphoto.pl\/t\/index.php?rest_route=\/wp\/v2\/posts"}],"about":[{"href":"https:\/\/wgphoto.pl\/t\/index.php?rest_route=\/wp\/v2\/types\/post"}],"author":[{"embeddable":true,"href":"https:\/\/wgphoto.pl\/t\/index.php?rest_route=\/wp\/v2\/users\/1"}],"replies":[{"embeddable":true,"href":"https:\/\/wgphoto.pl\/t\/index.php?rest_route=%2Fwp%2Fv2%2Fcomments&post=17562"}],"version-history":[{"count":1,"href":"https:\/\/wgphoto.pl\/t\/index.php?rest_route=\/wp\/v2\/posts\/17562\/revisions"}],"predecessor-version":[{"id":17564,"href":"https:\/\/wgphoto.pl\/t\/index.php?rest_route=\/wp\/v2\/posts\/17562\/revisions\/17564"}],"wp:featuredmedia":[{"embeddable":true,"href":"https:\/\/wgphoto.pl\/t\/index.php?rest_route=\/wp\/v2\/media\/17563"}],"wp:attachment":[{"href":"https:\/\/wgphoto.pl\/t\/index.php?rest_route=%2Fwp%2Fv2%2Fmedia&parent=17562"}],"wp:term":[{"taxonomy":"category","embeddable":true,"href":"https:\/\/wgphoto.pl\/t\/index.php?rest_route=%2Fwp%2Fv2%2Fcategories&post=17562"},{"taxonomy":"post_tag","embeddable":true,"href":"https:\/\/wgphoto.pl\/t\/index.php?rest_route=%2Fwp%2Fv2%2Ftags&post=17562"}],"curies":[{"name":"wp","href":"https:\/\/api.w.org\/{rel}","templated":true}]}}