{"id":17565,"date":"2025-05-25T20:54:43","date_gmt":"2025-05-25T18:54:43","guid":{"rendered":"https:\/\/wgphoto.pl\/t\/?p=17565"},"modified":"2025-05-25T20:54:43","modified_gmt":"2025-05-25T18:54:43","slug":"rano-na-zawalnej","status":"publish","type":"post","link":"https:\/\/wgphoto.pl\/t\/?p=17565","title":{"rendered":"Rano na Zawalnej"},"content":{"rendered":"\n<figure class=\"wp-block-image aligncenter size-full\"><img loading=\"lazy\" decoding=\"async\" width=\"1050\" height=\"700\" src=\"https:\/\/wgphoto.pl\/t\/wp-content\/uploads\/2025\/05\/IMGP4948.jpg\" alt=\"\" class=\"wp-image-17566\" srcset=\"https:\/\/wgphoto.pl\/t\/wp-content\/uploads\/2025\/05\/IMGP4948.jpg 1050w, https:\/\/wgphoto.pl\/t\/wp-content\/uploads\/2025\/05\/IMGP4948-300x200.jpg 300w, https:\/\/wgphoto.pl\/t\/wp-content\/uploads\/2025\/05\/IMGP4948-768x512.jpg 768w\" sizes=\"auto, (max-width: 1050px) 100vw, 1050px\" \/><\/figure>\n\n\n\n<div class=\"wp-block-group has-global-padding is-layout-constrained wp-block-group-is-layout-constrained\">\n<p>Wroc\u0142aw, p\u0119tla (jeszcze w\u00f3wczas) Zawalna, i \u00f3semeczka obs\u0142ugiwana jeszcze w\u00f3wczas tablicow\u0105, czterodrzwiow\u0105 stopi\u0105tk\u0105 2520+2519, bardzo zadban\u0105 zreszt\u0105, kt\u00f3ra od paru lat ju\u017c nie istnieje. 12.08.2013<\/p>\n<\/div>\n","protected":false},"excerpt":{"rendered":"<p>Wroc\u0142aw, p\u0119tla (jeszcze w\u00f3wczas) Zawalna, i \u00f3semeczka obs\u0142ugiwana jeszcze w\u00f3wczas tablicow\u0105, czterodrzwiow\u0105 stopi\u0105tk\u0105 2520+2519, bardzo zadban\u0105 zreszt\u0105, kt\u00f3ra od paru lat ju\u017c nie istnieje. 12.08.2013<\/p>\n","protected":false},"author":1,"featured_media":17566,"comment_status":"open","ping_status":"","sticky":false,"template":"","format":"standard","meta":{"footnotes":""},"categories":[55,3],"tags":[155,3861,42,27,176,439,41],"class_list":["post-17565","post","type-post","status-publish","format-standard","has-post-thumbnail","hentry","category-rok-2013","category-tramwaj","tag-105na","tag-2013-08-12","tag-mpk-wroclaw","tag-polska","tag-rano","tag-we-fabryce","tag-wroclaw"],"_links":{"self":[{"href":"https:\/\/wgphoto.pl\/t\/index.php?rest_route=\/wp\/v2\/posts\/17565","targetHints":{"allow":["GET"]}}],"collection":[{"href":"https:\/\/wgphoto.pl\/t\/index.php?rest_route=\/wp\/v2\/posts"}],"about":[{"href":"https:\/\/wgphoto.pl\/t\/index.php?rest_route=\/wp\/v2\/types\/post"}],"author":[{"embeddable":true,"href":"https:\/\/wgphoto.pl\/t\/index.php?rest_route=\/wp\/v2\/users\/1"}],"replies":[{"embeddable":true,"href":"https:\/\/wgphoto.pl\/t\/index.php?rest_route=%2Fwp%2Fv2%2Fcomments&post=17565"}],"version-history":[{"count":1,"href":"https:\/\/wgphoto.pl\/t\/index.php?rest_route=\/wp\/v2\/posts\/17565\/revisions"}],"predecessor-version":[{"id":17567,"href":"https:\/\/wgphoto.pl\/t\/index.php?rest_route=\/wp\/v2\/posts\/17565\/revisions\/17567"}],"wp:featuredmedia":[{"embeddable":true,"href":"https:\/\/wgphoto.pl\/t\/index.php?rest_route=\/wp\/v2\/media\/17566"}],"wp:attachment":[{"href":"https:\/\/wgphoto.pl\/t\/index.php?rest_route=%2Fwp%2Fv2%2Fmedia&parent=17565"}],"wp:term":[{"taxonomy":"category","embeddable":true,"href":"https:\/\/wgphoto.pl\/t\/index.php?rest_route=%2Fwp%2Fv2%2Fcategories&post=17565"},{"taxonomy":"post_tag","embeddable":true,"href":"https:\/\/wgphoto.pl\/t\/index.php?rest_route=%2Fwp%2Fv2%2Ftags&post=17565"}],"curies":[{"name":"wp","href":"https:\/\/api.w.org\/{rel}","templated":true}]}}