{"id":17577,"date":"2025-05-25T20:58:18","date_gmt":"2025-05-25T18:58:18","guid":{"rendered":"https:\/\/wgphoto.pl\/t\/?p=17577"},"modified":"2025-05-25T20:58:33","modified_gmt":"2025-05-25T18:58:33","slug":"krzyzowanie-w-tucholi","status":"publish","type":"post","link":"https:\/\/wgphoto.pl\/t\/?p=17577","title":{"rendered":"Krzy\u017cowanie w Tucholi"},"content":{"rendered":"\n<figure class=\"wp-block-image aligncenter size-full\"><img loading=\"lazy\" decoding=\"async\" width=\"1200\" height=\"800\" src=\"https:\/\/wgphoto.pl\/t\/wp-content\/uploads\/2025\/05\/0724-09a.jpg\" alt=\"\" class=\"wp-image-17578\" srcset=\"https:\/\/wgphoto.pl\/t\/wp-content\/uploads\/2025\/05\/0724-09a.jpg 1200w, https:\/\/wgphoto.pl\/t\/wp-content\/uploads\/2025\/05\/0724-09a-300x200.jpg 300w, https:\/\/wgphoto.pl\/t\/wp-content\/uploads\/2025\/05\/0724-09a-768x512.jpg 768w\" sizes=\"auto, (max-width: 1200px) 100vw, 1200px\" \/><\/figure>\n\n\n\n<div class=\"wp-block-group has-global-padding is-layout-constrained wp-block-group-is-layout-constrained\">\n<p>SU45-168 prowadzi &#8222;Bory Tucholskie&#8221; z Warszawy do Ko\u0142obrzegu. Poci\u0105g odje\u017cd\u017ca z Tucholi. 23.08.2007<\/p>\n<\/div>\n","protected":false},"excerpt":{"rendered":"<p>SU45-168 prowadzi &#8222;Bory Tucholskie&#8221; z Warszawy do Ko\u0142obrzegu. Poci\u0105g odje\u017cd\u017ca z Tucholi. 23.08.2007<\/p>\n","protected":false},"author":1,"featured_media":17578,"comment_status":"open","ping_status":"","sticky":false,"template":"","format":"standard","meta":{"footnotes":""},"categories":[62,2,96],"tags":[3467,313,63,27,2735,290,793,3466],"class_list":["post-17577","post","type-post","status-publish","format-standard","has-post-thumbnail","hentry","category-analog","category-kolej","category-rok-2007","tag-2007-08-23","tag-dyzurny","tag-pkp","tag-polska","tag-sa106","tag-su45","tag-tab-pl431","tag-tuchola"],"_links":{"self":[{"href":"https:\/\/wgphoto.pl\/t\/index.php?rest_route=\/wp\/v2\/posts\/17577","targetHints":{"allow":["GET"]}}],"collection":[{"href":"https:\/\/wgphoto.pl\/t\/index.php?rest_route=\/wp\/v2\/posts"}],"about":[{"href":"https:\/\/wgphoto.pl\/t\/index.php?rest_route=\/wp\/v2\/types\/post"}],"author":[{"embeddable":true,"href":"https:\/\/wgphoto.pl\/t\/index.php?rest_route=\/wp\/v2\/users\/1"}],"replies":[{"embeddable":true,"href":"https:\/\/wgphoto.pl\/t\/index.php?rest_route=%2Fwp%2Fv2%2Fcomments&post=17577"}],"version-history":[{"count":1,"href":"https:\/\/wgphoto.pl\/t\/index.php?rest_route=\/wp\/v2\/posts\/17577\/revisions"}],"predecessor-version":[{"id":17579,"href":"https:\/\/wgphoto.pl\/t\/index.php?rest_route=\/wp\/v2\/posts\/17577\/revisions\/17579"}],"wp:featuredmedia":[{"embeddable":true,"href":"https:\/\/wgphoto.pl\/t\/index.php?rest_route=\/wp\/v2\/media\/17578"}],"wp:attachment":[{"href":"https:\/\/wgphoto.pl\/t\/index.php?rest_route=%2Fwp%2Fv2%2Fmedia&parent=17577"}],"wp:term":[{"taxonomy":"category","embeddable":true,"href":"https:\/\/wgphoto.pl\/t\/index.php?rest_route=%2Fwp%2Fv2%2Fcategories&post=17577"},{"taxonomy":"post_tag","embeddable":true,"href":"https:\/\/wgphoto.pl\/t\/index.php?rest_route=%2Fwp%2Fv2%2Ftags&post=17577"}],"curies":[{"name":"wp","href":"https:\/\/api.w.org\/{rel}","templated":true}]}}