{"id":17580,"date":"2025-05-25T20:59:22","date_gmt":"2025-05-25T18:59:22","guid":{"rendered":"https:\/\/wgphoto.pl\/t\/?p=17580"},"modified":"2025-05-25T20:59:22","modified_gmt":"2025-05-25T18:59:22","slug":"szadz-i-teletechnika","status":"publish","type":"post","link":"https:\/\/wgphoto.pl\/t\/?p=17580","title":{"rendered":"Szad\u017a i teletechnika"},"content":{"rendered":"\n<figure class=\"wp-block-image aligncenter size-full\"><img loading=\"lazy\" decoding=\"async\" width=\"1200\" height=\"800\" src=\"https:\/\/wgphoto.pl\/t\/wp-content\/uploads\/2025\/05\/0739-01a.jpg\" alt=\"\" class=\"wp-image-17581\" srcset=\"https:\/\/wgphoto.pl\/t\/wp-content\/uploads\/2025\/05\/0739-01a.jpg 1200w, https:\/\/wgphoto.pl\/t\/wp-content\/uploads\/2025\/05\/0739-01a-300x200.jpg 300w, https:\/\/wgphoto.pl\/t\/wp-content\/uploads\/2025\/05\/0739-01a-768x512.jpg 768w\" sizes=\"auto, (max-width: 1200px) 100vw, 1200px\" \/><\/figure>\n\n\n\n<div class=\"wp-block-group has-global-padding is-layout-constrained wp-block-group-is-layout-constrained\">\n<p>SU42-536 z poci\u0105giem osobowym 22433 relacji Jelenia G\u00f3ra &#8211; Boles\u0142awiec zbli\u017ca si\u0119 do stacji w Lw\u00f3wku \u015al\u0105skim. 23.12.2007<\/p>\n<\/div>\n","protected":false},"excerpt":{"rendered":"<p>SU42-536 z poci\u0105giem osobowym 22433 relacji Jelenia G\u00f3ra &#8211; Boles\u0142awiec zbli\u017ca si\u0119 do stacji w Lw\u00f3wku \u015al\u0105skim. 23.12.2007<\/p>\n","protected":false},"author":1,"featured_media":17581,"comment_status":"open","ping_status":"","sticky":false,"template":"","format":"standard","meta":{"footnotes":""},"categories":[62,2,96],"tags":[2340,2094,63,27,176,44,250,363],"class_list":["post-17580","post","type-post","status-publish","format-standard","has-post-thumbnail","hentry","category-analog","category-kolej","category-rok-2007","tag-2007-12-23","tag-lwowek-slaski","tag-pkp","tag-polska","tag-rano","tag-snieg","tag-su42","tag-tab-pl250"],"_links":{"self":[{"href":"https:\/\/wgphoto.pl\/t\/index.php?rest_route=\/wp\/v2\/posts\/17580","targetHints":{"allow":["GET"]}}],"collection":[{"href":"https:\/\/wgphoto.pl\/t\/index.php?rest_route=\/wp\/v2\/posts"}],"about":[{"href":"https:\/\/wgphoto.pl\/t\/index.php?rest_route=\/wp\/v2\/types\/post"}],"author":[{"embeddable":true,"href":"https:\/\/wgphoto.pl\/t\/index.php?rest_route=\/wp\/v2\/users\/1"}],"replies":[{"embeddable":true,"href":"https:\/\/wgphoto.pl\/t\/index.php?rest_route=%2Fwp%2Fv2%2Fcomments&post=17580"}],"version-history":[{"count":1,"href":"https:\/\/wgphoto.pl\/t\/index.php?rest_route=\/wp\/v2\/posts\/17580\/revisions"}],"predecessor-version":[{"id":17582,"href":"https:\/\/wgphoto.pl\/t\/index.php?rest_route=\/wp\/v2\/posts\/17580\/revisions\/17582"}],"wp:featuredmedia":[{"embeddable":true,"href":"https:\/\/wgphoto.pl\/t\/index.php?rest_route=\/wp\/v2\/media\/17581"}],"wp:attachment":[{"href":"https:\/\/wgphoto.pl\/t\/index.php?rest_route=%2Fwp%2Fv2%2Fmedia&parent=17580"}],"wp:term":[{"taxonomy":"category","embeddable":true,"href":"https:\/\/wgphoto.pl\/t\/index.php?rest_route=%2Fwp%2Fv2%2Fcategories&post=17580"},{"taxonomy":"post_tag","embeddable":true,"href":"https:\/\/wgphoto.pl\/t\/index.php?rest_route=%2Fwp%2Fv2%2Ftags&post=17580"}],"curies":[{"name":"wp","href":"https:\/\/api.w.org\/{rel}","templated":true}]}}