{"id":17583,"date":"2025-05-25T21:00:20","date_gmt":"2025-05-25T19:00:20","guid":{"rendered":"https:\/\/wgphoto.pl\/t\/?p=17583"},"modified":"2025-05-25T21:00:20","modified_gmt":"2025-05-25T19:00:20","slug":"mozna","status":"publish","type":"post","link":"https:\/\/wgphoto.pl\/t\/?p=17583","title":{"rendered":"Mo\u017cna"},"content":{"rendered":"\n<figure class=\"wp-block-image aligncenter size-full\"><img loading=\"lazy\" decoding=\"async\" width=\"1200\" height=\"800\" src=\"https:\/\/wgphoto.pl\/t\/wp-content\/uploads\/2025\/05\/0739-21a.jpg\" alt=\"\" class=\"wp-image-17584\" srcset=\"https:\/\/wgphoto.pl\/t\/wp-content\/uploads\/2025\/05\/0739-21a.jpg 1200w, https:\/\/wgphoto.pl\/t\/wp-content\/uploads\/2025\/05\/0739-21a-300x200.jpg 300w, https:\/\/wgphoto.pl\/t\/wp-content\/uploads\/2025\/05\/0739-21a-768x512.jpg 768w\" sizes=\"auto, (max-width: 1200px) 100vw, 1200px\" \/><\/figure>\n\n\n\n<div class=\"wp-block-group has-global-padding is-layout-constrained wp-block-group-is-layout-constrained\">\n<p>Mo\u017cna pod\u015bwietli\u0107 komin fabryczny, by \u0142adnie by\u0142o noc\u0105 wida\u0107 wyziewy emitowane do atmosfery. Mo\u017cna tak\u017ce urz\u0105dzi\u0107 punkt widokowy z zajezdni\u0105 tramwajow\u0105 widoczn\u0105 jak na d\u0142oni. 30.12.2007<\/p>\n<\/div>\n","protected":false},"excerpt":{"rendered":"<p>Mo\u017cna pod\u015bwietli\u0107 komin fabryczny, by \u0142adnie by\u0142o noc\u0105 wida\u0107 wyziewy emitowane do atmosfery. Mo\u017cna tak\u017ce urz\u0105dzi\u0107 punkt widokowy z zajezdni\u0105 tramwajow\u0105 widoczn\u0105 jak na d\u0142oni. 30.12.2007<\/p>\n","protected":false},"author":1,"featured_media":17584,"comment_status":"open","ping_status":"","sticky":false,"template":"","format":"standard","meta":{"footnotes":""},"categories":[96,3],"tags":[2434,49,875,877,154,44,1011,138],"class_list":["post-17583","post","type-post","status-publish","format-standard","has-post-thumbnail","hentry","category-rok-2007","category-tramwaj","tag-2007-12-30","tag-czechy","tag-dpmlj-liberec","tag-liberec","tag-noc","tag-snieg","tag-tatra-t3","tag-zajezdnia"],"_links":{"self":[{"href":"https:\/\/wgphoto.pl\/t\/index.php?rest_route=\/wp\/v2\/posts\/17583","targetHints":{"allow":["GET"]}}],"collection":[{"href":"https:\/\/wgphoto.pl\/t\/index.php?rest_route=\/wp\/v2\/posts"}],"about":[{"href":"https:\/\/wgphoto.pl\/t\/index.php?rest_route=\/wp\/v2\/types\/post"}],"author":[{"embeddable":true,"href":"https:\/\/wgphoto.pl\/t\/index.php?rest_route=\/wp\/v2\/users\/1"}],"replies":[{"embeddable":true,"href":"https:\/\/wgphoto.pl\/t\/index.php?rest_route=%2Fwp%2Fv2%2Fcomments&post=17583"}],"version-history":[{"count":1,"href":"https:\/\/wgphoto.pl\/t\/index.php?rest_route=\/wp\/v2\/posts\/17583\/revisions"}],"predecessor-version":[{"id":17585,"href":"https:\/\/wgphoto.pl\/t\/index.php?rest_route=\/wp\/v2\/posts\/17583\/revisions\/17585"}],"wp:featuredmedia":[{"embeddable":true,"href":"https:\/\/wgphoto.pl\/t\/index.php?rest_route=\/wp\/v2\/media\/17584"}],"wp:attachment":[{"href":"https:\/\/wgphoto.pl\/t\/index.php?rest_route=%2Fwp%2Fv2%2Fmedia&parent=17583"}],"wp:term":[{"taxonomy":"category","embeddable":true,"href":"https:\/\/wgphoto.pl\/t\/index.php?rest_route=%2Fwp%2Fv2%2Fcategories&post=17583"},{"taxonomy":"post_tag","embeddable":true,"href":"https:\/\/wgphoto.pl\/t\/index.php?rest_route=%2Fwp%2Fv2%2Ftags&post=17583"}],"curies":[{"name":"wp","href":"https:\/\/api.w.org\/{rel}","templated":true}]}}