{"id":17596,"date":"2025-05-25T21:43:50","date_gmt":"2025-05-25T19:43:50","guid":{"rendered":"https:\/\/wgphoto.pl\/t\/?p=17596"},"modified":"2025-05-25T21:43:50","modified_gmt":"2025-05-25T19:43:50","slug":"poranna-sniezyca","status":"publish","type":"post","link":"https:\/\/wgphoto.pl\/t\/?p=17596","title":{"rendered":"Poranna \u015bnie\u017cyca"},"content":{"rendered":"\n<figure class=\"wp-block-image aligncenter size-full\"><img loading=\"lazy\" decoding=\"async\" width=\"1300\" height=\"861\" src=\"https:\/\/wgphoto.pl\/t\/wp-content\/uploads\/2025\/05\/IMGP1500.jpg\" alt=\"\" class=\"wp-image-17597\" srcset=\"https:\/\/wgphoto.pl\/t\/wp-content\/uploads\/2025\/05\/IMGP1500.jpg 1300w, https:\/\/wgphoto.pl\/t\/wp-content\/uploads\/2025\/05\/IMGP1500-300x199.jpg 300w, https:\/\/wgphoto.pl\/t\/wp-content\/uploads\/2025\/05\/IMGP1500-768x509.jpg 768w\" sizes=\"auto, (max-width: 1300px) 100vw, 1300px\" \/><\/figure>\n\n\n\n<div class=\"wp-block-group has-global-padding is-layout-constrained wp-block-group-is-layout-constrained\">\n<p>Wroc\u0142aw, ul. Pi\u0142sudskiego, Protram 205WrAs 2720 w trakcie porannej \u015bnie\u017cycy. [30.01.2021]<\/p>\n<\/div>\n","protected":false},"excerpt":{"rendered":"<p>Wroc\u0142aw, ul. Pi\u0142sudskiego, Protram 205WrAs 2720 w trakcie porannej \u015bnie\u017cycy. [30.01.2021]<\/p>\n","protected":false},"author":1,"featured_media":17597,"comment_status":"open","ping_status":"","sticky":false,"template":"","format":"standard","meta":{"footnotes":""},"categories":[681,3],"tags":[2345,42,154,27,1096,44,41],"class_list":["post-17596","post","type-post","status-publish","format-standard","has-post-thumbnail","hentry","category-rok-2021","category-tramwaj","tag-2021-01-30","tag-mpk-wroclaw","tag-noc","tag-polska","tag-protram-205wras","tag-snieg","tag-wroclaw"],"_links":{"self":[{"href":"https:\/\/wgphoto.pl\/t\/index.php?rest_route=\/wp\/v2\/posts\/17596","targetHints":{"allow":["GET"]}}],"collection":[{"href":"https:\/\/wgphoto.pl\/t\/index.php?rest_route=\/wp\/v2\/posts"}],"about":[{"href":"https:\/\/wgphoto.pl\/t\/index.php?rest_route=\/wp\/v2\/types\/post"}],"author":[{"embeddable":true,"href":"https:\/\/wgphoto.pl\/t\/index.php?rest_route=\/wp\/v2\/users\/1"}],"replies":[{"embeddable":true,"href":"https:\/\/wgphoto.pl\/t\/index.php?rest_route=%2Fwp%2Fv2%2Fcomments&post=17596"}],"version-history":[{"count":1,"href":"https:\/\/wgphoto.pl\/t\/index.php?rest_route=\/wp\/v2\/posts\/17596\/revisions"}],"predecessor-version":[{"id":17598,"href":"https:\/\/wgphoto.pl\/t\/index.php?rest_route=\/wp\/v2\/posts\/17596\/revisions\/17598"}],"wp:featuredmedia":[{"embeddable":true,"href":"https:\/\/wgphoto.pl\/t\/index.php?rest_route=\/wp\/v2\/media\/17597"}],"wp:attachment":[{"href":"https:\/\/wgphoto.pl\/t\/index.php?rest_route=%2Fwp%2Fv2%2Fmedia&parent=17596"}],"wp:term":[{"taxonomy":"category","embeddable":true,"href":"https:\/\/wgphoto.pl\/t\/index.php?rest_route=%2Fwp%2Fv2%2Fcategories&post=17596"},{"taxonomy":"post_tag","embeddable":true,"href":"https:\/\/wgphoto.pl\/t\/index.php?rest_route=%2Fwp%2Fv2%2Ftags&post=17596"}],"curies":[{"name":"wp","href":"https:\/\/api.w.org\/{rel}","templated":true}]}}