{"id":17616,"date":"2025-05-25T21:57:34","date_gmt":"2025-05-25T19:57:34","guid":{"rendered":"https:\/\/wgphoto.pl\/t\/?p=17616"},"modified":"2025-05-25T21:57:34","modified_gmt":"2025-05-25T19:57:34","slug":"para-buch","status":"publish","type":"post","link":"https:\/\/wgphoto.pl\/t\/?p=17616","title":{"rendered":"Para buch"},"content":{"rendered":"\n<figure class=\"wp-block-image aligncenter size-full\"><img loading=\"lazy\" decoding=\"async\" width=\"1300\" height=\"861\" src=\"https:\/\/wgphoto.pl\/t\/wp-content\/uploads\/2025\/05\/IMGP0836.jpg\" alt=\"\" class=\"wp-image-17617\" srcset=\"https:\/\/wgphoto.pl\/t\/wp-content\/uploads\/2025\/05\/IMGP0836.jpg 1300w, https:\/\/wgphoto.pl\/t\/wp-content\/uploads\/2025\/05\/IMGP0836-300x199.jpg 300w, https:\/\/wgphoto.pl\/t\/wp-content\/uploads\/2025\/05\/IMGP0836-768x509.jpg 768w\" sizes=\"auto, (max-width: 1300px) 100vw, 1300px\" \/><\/figure>\n\n\n\n<div class=\"wp-block-group has-global-padding is-layout-constrained wp-block-group-is-layout-constrained\">\n<p>Czajniczek 99.749 z poci\u0105giem do Kurortu Oybin odje\u017cd\u017ca z Zittau w ponury zimowy poranek. [11.02.2023]<\/p>\n<\/div>\n","protected":false},"excerpt":{"rendered":"<p>Czajniczek 99.749 z poci\u0105giem do Kurortu Oybin odje\u017cd\u017ca z Zittau w ponury zimowy poranek. [11.02.2023]<\/p>\n","protected":false},"author":1,"featured_media":17617,"comment_status":"open","ping_status":"","sticky":false,"template":"","format":"standard","meta":{"footnotes":""},"categories":[2,6],"tags":[3865,23,358,3867,3866,2663,2602],"class_list":["post-17616","post","type-post","status-publish","format-standard","has-post-thumbnail","hentry","category-kolej","category-2023r","tag-2023-02-11","tag-niemcy","tag-parowoz","tag-soeg","tag-tento-dzentelmen-posiada-jizdenku","tag-zittau","tag-zittauer-schmalspurbahn"],"_links":{"self":[{"href":"https:\/\/wgphoto.pl\/t\/index.php?rest_route=\/wp\/v2\/posts\/17616","targetHints":{"allow":["GET"]}}],"collection":[{"href":"https:\/\/wgphoto.pl\/t\/index.php?rest_route=\/wp\/v2\/posts"}],"about":[{"href":"https:\/\/wgphoto.pl\/t\/index.php?rest_route=\/wp\/v2\/types\/post"}],"author":[{"embeddable":true,"href":"https:\/\/wgphoto.pl\/t\/index.php?rest_route=\/wp\/v2\/users\/1"}],"replies":[{"embeddable":true,"href":"https:\/\/wgphoto.pl\/t\/index.php?rest_route=%2Fwp%2Fv2%2Fcomments&post=17616"}],"version-history":[{"count":1,"href":"https:\/\/wgphoto.pl\/t\/index.php?rest_route=\/wp\/v2\/posts\/17616\/revisions"}],"predecessor-version":[{"id":17618,"href":"https:\/\/wgphoto.pl\/t\/index.php?rest_route=\/wp\/v2\/posts\/17616\/revisions\/17618"}],"wp:featuredmedia":[{"embeddable":true,"href":"https:\/\/wgphoto.pl\/t\/index.php?rest_route=\/wp\/v2\/media\/17617"}],"wp:attachment":[{"href":"https:\/\/wgphoto.pl\/t\/index.php?rest_route=%2Fwp%2Fv2%2Fmedia&parent=17616"}],"wp:term":[{"taxonomy":"category","embeddable":true,"href":"https:\/\/wgphoto.pl\/t\/index.php?rest_route=%2Fwp%2Fv2%2Fcategories&post=17616"},{"taxonomy":"post_tag","embeddable":true,"href":"https:\/\/wgphoto.pl\/t\/index.php?rest_route=%2Fwp%2Fv2%2Ftags&post=17616"}],"curies":[{"name":"wp","href":"https:\/\/api.w.org\/{rel}","templated":true}]}}