{"id":17623,"date":"2025-05-25T22:00:16","date_gmt":"2025-05-25T20:00:16","guid":{"rendered":"https:\/\/wgphoto.pl\/t\/?p=17623"},"modified":"2025-05-25T22:00:16","modified_gmt":"2025-05-25T20:00:16","slug":"sw-ludmila","status":"publish","type":"post","link":"https:\/\/wgphoto.pl\/t\/?p=17623","title":{"rendered":"\u015aw. Ludmi\u0142a"},"content":{"rendered":"\n<figure class=\"wp-block-image aligncenter size-full\"><img loading=\"lazy\" decoding=\"async\" width=\"1300\" height=\"894\" src=\"https:\/\/wgphoto.pl\/t\/wp-content\/uploads\/2025\/05\/IMGP9033.jpg\" alt=\"\" class=\"wp-image-17625\" srcset=\"https:\/\/wgphoto.pl\/t\/wp-content\/uploads\/2025\/05\/IMGP9033.jpg 1300w, https:\/\/wgphoto.pl\/t\/wp-content\/uploads\/2025\/05\/IMGP9033-300x206.jpg 300w, https:\/\/wgphoto.pl\/t\/wp-content\/uploads\/2025\/05\/IMGP9033-768x528.jpg 768w\" sizes=\"auto, (max-width: 1300px) 100vw, 1300px\" \/><\/figure>\n\n\n\n<div class=\"wp-block-group has-global-padding is-layout-constrained wp-block-group-is-layout-constrained\">\n<p>Praga, N\u00e1m\u011bst\u00ed M\u00edru. \u0160koda 14T 9150 w drodze do zajezdni Motol odbywa kr\u00f3tki post\u00f3j na przystanku pod monumentalnym ko\u015bcio\u0142em \u015aw. Ludmi\u0142y. [29.12.2014]<\/p>\n<\/div>\n","protected":false},"excerpt":{"rendered":"<p>Praga, N\u00e1m\u011bst\u00ed M\u00edru. \u0160koda 14T 9150 w drodze do zajezdni Motol odbywa kr\u00f3tki post\u00f3j na przystanku pod monumentalnym ko\u015bcio\u0142em \u015aw. Ludmi\u0142y. [29.12.2014]<\/p>\n","protected":false},"author":1,"featured_media":17625,"comment_status":"open","ping_status":"","sticky":false,"template":"","format":"standard","meta":{"footnotes":""},"categories":[48,3],"tags":[3022,34,49,1049,154,52,1496,216,44],"class_list":["post-17623","post","type-post","status-publish","format-standard","has-post-thumbnail","hentry","category-rok-2014","category-tramwaj","tag-2014-12-29","tag-architektura","tag-czechy","tag-dp-praha","tag-noc","tag-praga","tag-skoda-14t","tag-skoda-elektra","tag-snieg"],"_links":{"self":[{"href":"https:\/\/wgphoto.pl\/t\/index.php?rest_route=\/wp\/v2\/posts\/17623","targetHints":{"allow":["GET"]}}],"collection":[{"href":"https:\/\/wgphoto.pl\/t\/index.php?rest_route=\/wp\/v2\/posts"}],"about":[{"href":"https:\/\/wgphoto.pl\/t\/index.php?rest_route=\/wp\/v2\/types\/post"}],"author":[{"embeddable":true,"href":"https:\/\/wgphoto.pl\/t\/index.php?rest_route=\/wp\/v2\/users\/1"}],"replies":[{"embeddable":true,"href":"https:\/\/wgphoto.pl\/t\/index.php?rest_route=%2Fwp%2Fv2%2Fcomments&post=17623"}],"version-history":[{"count":1,"href":"https:\/\/wgphoto.pl\/t\/index.php?rest_route=\/wp\/v2\/posts\/17623\/revisions"}],"predecessor-version":[{"id":17626,"href":"https:\/\/wgphoto.pl\/t\/index.php?rest_route=\/wp\/v2\/posts\/17623\/revisions\/17626"}],"wp:featuredmedia":[{"embeddable":true,"href":"https:\/\/wgphoto.pl\/t\/index.php?rest_route=\/wp\/v2\/media\/17625"}],"wp:attachment":[{"href":"https:\/\/wgphoto.pl\/t\/index.php?rest_route=%2Fwp%2Fv2%2Fmedia&parent=17623"}],"wp:term":[{"taxonomy":"category","embeddable":true,"href":"https:\/\/wgphoto.pl\/t\/index.php?rest_route=%2Fwp%2Fv2%2Fcategories&post=17623"},{"taxonomy":"post_tag","embeddable":true,"href":"https:\/\/wgphoto.pl\/t\/index.php?rest_route=%2Fwp%2Fv2%2Ftags&post=17623"}],"curies":[{"name":"wp","href":"https:\/\/api.w.org\/{rel}","templated":true}]}}