{"id":17630,"date":"2025-05-25T22:04:02","date_gmt":"2025-05-25T20:04:02","guid":{"rendered":"https:\/\/wgphoto.pl\/t\/?p=17630"},"modified":"2025-05-25T22:04:02","modified_gmt":"2025-05-25T20:04:02","slug":"maly-pociag-w-wielkim-miescie","status":"publish","type":"post","link":"https:\/\/wgphoto.pl\/t\/?p=17630","title":{"rendered":"Ma\u0142y poci\u0105g w wielkim mie\u015bcie"},"content":{"rendered":"\n<figure class=\"wp-block-image aligncenter size-full\"><img loading=\"lazy\" decoding=\"async\" width=\"750\" height=\"1000\" src=\"https:\/\/wgphoto.pl\/t\/wp-content\/uploads\/2025\/05\/IMGP5936.jpg\" alt=\"\" class=\"wp-image-17631\" srcset=\"https:\/\/wgphoto.pl\/t\/wp-content\/uploads\/2025\/05\/IMGP5936.jpg 750w, https:\/\/wgphoto.pl\/t\/wp-content\/uploads\/2025\/05\/IMGP5936-225x300.jpg 225w\" sizes=\"auto, (max-width: 750px) 100vw, 750px\" \/><\/figure>\n\n\n\n<div class=\"wp-block-group has-global-padding is-layout-constrained wp-block-group-is-layout-constrained\">\n<p>810.501 jako poci\u0105g osobowy relacji Praha hl.n. &#8211; Rudn\u00e1 u Prahy wje\u017cd\u017ca na stacj\u0119 Praha-\u017dvahov. [12.11.2021]<\/p>\n<\/div>\n","protected":false},"excerpt":{"rendered":"<p>810.501 jako poci\u0105g osobowy relacji Praha hl.n. &#8211; Rudn\u00e1 u Prahy wje\u017cd\u017ca na stacj\u0119 Praha-\u017dvahov. [12.11.2021]<\/p>\n","protected":false},"author":1,"featured_media":17631,"comment_status":"open","ping_status":"","sticky":false,"template":"","format":"standard","meta":{"footnotes":""},"categories":[2,128,681],"tags":[3869,92,50,49,126,113,32,52,3870,3871,2614],"class_list":["post-17630","post","type-post","status-publish","format-standard","has-post-thumbnail","hentry","category-kolej","category-pionowe","category-rok-2021","tag-2021-11-12","tag-92","tag-cd","tag-czechy","tag-jesien","tag-landszaft","tag-pionowe","tag-praga","tag-praha-smichov-2","tag-praha-zvahov-2","tag-tab-cz122"],"_links":{"self":[{"href":"https:\/\/wgphoto.pl\/t\/index.php?rest_route=\/wp\/v2\/posts\/17630","targetHints":{"allow":["GET"]}}],"collection":[{"href":"https:\/\/wgphoto.pl\/t\/index.php?rest_route=\/wp\/v2\/posts"}],"about":[{"href":"https:\/\/wgphoto.pl\/t\/index.php?rest_route=\/wp\/v2\/types\/post"}],"author":[{"embeddable":true,"href":"https:\/\/wgphoto.pl\/t\/index.php?rest_route=\/wp\/v2\/users\/1"}],"replies":[{"embeddable":true,"href":"https:\/\/wgphoto.pl\/t\/index.php?rest_route=%2Fwp%2Fv2%2Fcomments&post=17630"}],"version-history":[{"count":1,"href":"https:\/\/wgphoto.pl\/t\/index.php?rest_route=\/wp\/v2\/posts\/17630\/revisions"}],"predecessor-version":[{"id":17632,"href":"https:\/\/wgphoto.pl\/t\/index.php?rest_route=\/wp\/v2\/posts\/17630\/revisions\/17632"}],"wp:featuredmedia":[{"embeddable":true,"href":"https:\/\/wgphoto.pl\/t\/index.php?rest_route=\/wp\/v2\/media\/17631"}],"wp:attachment":[{"href":"https:\/\/wgphoto.pl\/t\/index.php?rest_route=%2Fwp%2Fv2%2Fmedia&parent=17630"}],"wp:term":[{"taxonomy":"category","embeddable":true,"href":"https:\/\/wgphoto.pl\/t\/index.php?rest_route=%2Fwp%2Fv2%2Fcategories&post=17630"},{"taxonomy":"post_tag","embeddable":true,"href":"https:\/\/wgphoto.pl\/t\/index.php?rest_route=%2Fwp%2Fv2%2Ftags&post=17630"}],"curies":[{"name":"wp","href":"https:\/\/api.w.org\/{rel}","templated":true}]}}