{"id":17637,"date":"2025-05-25T22:07:31","date_gmt":"2025-05-25T20:07:31","guid":{"rendered":"https:\/\/wgphoto.pl\/t\/?p=17637"},"modified":"2025-05-25T22:07:31","modified_gmt":"2025-05-25T20:07:31","slug":"drugie-zycie","status":"publish","type":"post","link":"https:\/\/wgphoto.pl\/t\/?p=17637","title":{"rendered":"Drugie \u017cycie"},"content":{"rendered":"\n<figure class=\"wp-block-image aligncenter size-full\"><img loading=\"lazy\" decoding=\"async\" width=\"1200\" height=\"867\" src=\"https:\/\/wgphoto.pl\/t\/wp-content\/uploads\/2025\/05\/IMGP9788.jpg\" alt=\"\" class=\"wp-image-17638\" srcset=\"https:\/\/wgphoto.pl\/t\/wp-content\/uploads\/2025\/05\/IMGP9788.jpg 1200w, https:\/\/wgphoto.pl\/t\/wp-content\/uploads\/2025\/05\/IMGP9788-300x217.jpg 300w, https:\/\/wgphoto.pl\/t\/wp-content\/uploads\/2025\/05\/IMGP9788-768x555.jpg 768w\" sizes=\"auto, (max-width: 1200px) 100vw, 1200px\" \/><\/figure>\n\n\n\n<div class=\"wp-block-group has-global-padding is-layout-constrained wp-block-group-is-layout-constrained\">\n<p>Kassel, Germaniastra\u00dfe, sk\u0142ad 604+501. Tutejszy przewo\u017anik odkupi\u0142 par\u0119 lat temu kilkana\u015bcie doczep z Rostocku, kt\u00f3re znalaz\u0142y zatrudnienie w sk\u0142adach z o\u015bmioosiowymi Bombardierami, a poniewa\u017c producent obu wagon\u00f3w jest wsp\u00f3lny, sk\u0142ad prezentuje si\u0119 dosy\u0107 sp\u00f3jnie. Drugie \u017cycie otrzyma\u0142 tak\u017ce widoczny za tramwajem ewangelicki ko\u015bci\u00f3\u0142 Andventskirche, doszcz\u0119tnie zniszczony w 1943 roku, a jednak w latach 1961-1963 odbudowany, st\u0105d te\u017c jego ciekawa forma z uci\u0119t\u0105 wie\u017c\u0105 i wsp\u00f3\u0142czesnymi nawami. [17.03.2017]<\/p>\n<\/div>\n","protected":false},"excerpt":{"rendered":"<p>Kassel, Germaniastra\u00dfe, sk\u0142ad 604+501. Tutejszy przewo\u017anik odkupi\u0142 par\u0119 lat temu kilkana\u015bcie doczep z Rostocku, kt\u00f3re znalaz\u0142y zatrudnienie w sk\u0142adach z o\u015bmioosiowymi Bombardierami, a poniewa\u017c producent obu wagon\u00f3w jest wsp\u00f3lny, sk\u0142ad prezentuje si\u0119 dosy\u0107 sp\u00f3jnie. Drugie \u017cycie otrzyma\u0142 tak\u017ce widoczny za tramwajem ewangelicki ko\u015bci\u00f3\u0142 Andventskirche, doszcz\u0119tnie zniszczony w 1943 roku, a jednak w latach 1961-1963 odbudowany, [&hellip;]<\/p>\n","protected":false},"author":1,"featured_media":17638,"comment_status":"open","ping_status":"","sticky":false,"template":"","format":"standard","meta":{"footnotes":""},"categories":[368,3],"tags":[1338,34,1126,1336,1151,1337,23,143],"class_list":["post-17637","post","type-post","status-publish","format-standard","has-post-thumbnail","hentry","category-rok-2017","category-tramwaj","tag-2017-03-17","tag-architektura","tag-bombardier-flexity-classic","tag-kassel","tag-kassel-2017","tag-kvg-kassel","tag-niemcy","tag-ponad-30m"],"_links":{"self":[{"href":"https:\/\/wgphoto.pl\/t\/index.php?rest_route=\/wp\/v2\/posts\/17637","targetHints":{"allow":["GET"]}}],"collection":[{"href":"https:\/\/wgphoto.pl\/t\/index.php?rest_route=\/wp\/v2\/posts"}],"about":[{"href":"https:\/\/wgphoto.pl\/t\/index.php?rest_route=\/wp\/v2\/types\/post"}],"author":[{"embeddable":true,"href":"https:\/\/wgphoto.pl\/t\/index.php?rest_route=\/wp\/v2\/users\/1"}],"replies":[{"embeddable":true,"href":"https:\/\/wgphoto.pl\/t\/index.php?rest_route=%2Fwp%2Fv2%2Fcomments&post=17637"}],"version-history":[{"count":1,"href":"https:\/\/wgphoto.pl\/t\/index.php?rest_route=\/wp\/v2\/posts\/17637\/revisions"}],"predecessor-version":[{"id":17639,"href":"https:\/\/wgphoto.pl\/t\/index.php?rest_route=\/wp\/v2\/posts\/17637\/revisions\/17639"}],"wp:featuredmedia":[{"embeddable":true,"href":"https:\/\/wgphoto.pl\/t\/index.php?rest_route=\/wp\/v2\/media\/17638"}],"wp:attachment":[{"href":"https:\/\/wgphoto.pl\/t\/index.php?rest_route=%2Fwp%2Fv2%2Fmedia&parent=17637"}],"wp:term":[{"taxonomy":"category","embeddable":true,"href":"https:\/\/wgphoto.pl\/t\/index.php?rest_route=%2Fwp%2Fv2%2Fcategories&post=17637"},{"taxonomy":"post_tag","embeddable":true,"href":"https:\/\/wgphoto.pl\/t\/index.php?rest_route=%2Fwp%2Fv2%2Ftags&post=17637"}],"curies":[{"name":"wp","href":"https:\/\/api.w.org\/{rel}","templated":true}]}}