{"id":17670,"date":"2025-05-26T16:54:37","date_gmt":"2025-05-26T14:54:37","guid":{"rendered":"https:\/\/wgphoto.pl\/t\/?p=17670"},"modified":"2025-05-26T16:54:37","modified_gmt":"2025-05-26T14:54:37","slug":"sm42-349-kuznica","status":"publish","type":"post","link":"https:\/\/wgphoto.pl\/t\/?p=17670","title":{"rendered":"SM42-349, Ku\u017anica"},"content":{"rendered":"\n<figure class=\"wp-block-image aligncenter size-full\"><img loading=\"lazy\" decoding=\"async\" width=\"1300\" height=\"862\" src=\"https:\/\/wgphoto.pl\/t\/wp-content\/uploads\/2025\/05\/0520-19.jpg\" alt=\"\" class=\"wp-image-17671\" srcset=\"https:\/\/wgphoto.pl\/t\/wp-content\/uploads\/2025\/05\/0520-19.jpg 1300w, https:\/\/wgphoto.pl\/t\/wp-content\/uploads\/2025\/05\/0520-19-300x199.jpg 300w, https:\/\/wgphoto.pl\/t\/wp-content\/uploads\/2025\/05\/0520-19-768x509.jpg 768w\" sizes=\"auto, (max-width: 1300px) 100vw, 1300px\" \/><\/figure>\n\n\n\n<div class=\"wp-block-group has-global-padding is-layout-constrained wp-block-group-is-layout-constrained\">\n<p>SM42-349 z poci\u0105giem osobowym 93525 z Gdyni G\u0142\u00f3wnej do Helu w popularnym uj\u0119ciu z Ku\u017anicy z fragmentem Ba\u0142tyku w kadrze. [29.07.2005]<\/p>\n<\/div>\n","protected":false},"excerpt":{"rendered":"<p>SM42-349 z poci\u0105giem osobowym 93525 z Gdyni G\u0142\u00f3wnej do Helu w popularnym uj\u0119ciu z Ku\u017anicy z fragmentem Ba\u0142tyku w kadrze. [29.07.2005]<\/p>\n","protected":false},"author":1,"featured_media":17671,"comment_status":"open","ping_status":"","sticky":false,"template":"","format":"standard","meta":{"footnotes":""},"categories":[62,2,311],"tags":[1094,1093,116,63,27,473,1095],"class_list":["post-17670","post","type-post","status-publish","format-standard","has-post-thumbnail","hentry","category-analog","category-kolej","category-rok-2005","tag-2005-07-29","tag-kuznica-hel","tag-morze","tag-pkp","tag-polska","tag-sm42","tag-tab-pl450"],"_links":{"self":[{"href":"https:\/\/wgphoto.pl\/t\/index.php?rest_route=\/wp\/v2\/posts\/17670","targetHints":{"allow":["GET"]}}],"collection":[{"href":"https:\/\/wgphoto.pl\/t\/index.php?rest_route=\/wp\/v2\/posts"}],"about":[{"href":"https:\/\/wgphoto.pl\/t\/index.php?rest_route=\/wp\/v2\/types\/post"}],"author":[{"embeddable":true,"href":"https:\/\/wgphoto.pl\/t\/index.php?rest_route=\/wp\/v2\/users\/1"}],"replies":[{"embeddable":true,"href":"https:\/\/wgphoto.pl\/t\/index.php?rest_route=%2Fwp%2Fv2%2Fcomments&post=17670"}],"version-history":[{"count":1,"href":"https:\/\/wgphoto.pl\/t\/index.php?rest_route=\/wp\/v2\/posts\/17670\/revisions"}],"predecessor-version":[{"id":17672,"href":"https:\/\/wgphoto.pl\/t\/index.php?rest_route=\/wp\/v2\/posts\/17670\/revisions\/17672"}],"wp:featuredmedia":[{"embeddable":true,"href":"https:\/\/wgphoto.pl\/t\/index.php?rest_route=\/wp\/v2\/media\/17671"}],"wp:attachment":[{"href":"https:\/\/wgphoto.pl\/t\/index.php?rest_route=%2Fwp%2Fv2%2Fmedia&parent=17670"}],"wp:term":[{"taxonomy":"category","embeddable":true,"href":"https:\/\/wgphoto.pl\/t\/index.php?rest_route=%2Fwp%2Fv2%2Fcategories&post=17670"},{"taxonomy":"post_tag","embeddable":true,"href":"https:\/\/wgphoto.pl\/t\/index.php?rest_route=%2Fwp%2Fv2%2Ftags&post=17670"}],"curies":[{"name":"wp","href":"https:\/\/api.w.org\/{rel}","templated":true}]}}