{"id":17673,"date":"2025-05-26T16:55:26","date_gmt":"2025-05-26T14:55:26","guid":{"rendered":"https:\/\/wgphoto.pl\/t\/?p=17673"},"modified":"2025-05-26T16:55:26","modified_gmt":"2025-05-26T14:55:26","slug":"koniec-trasy-7","status":"publish","type":"post","link":"https:\/\/wgphoto.pl\/t\/?p=17673","title":{"rendered":"Koniec trasy"},"content":{"rendered":"\n<figure class=\"wp-block-image aligncenter size-full\"><img loading=\"lazy\" decoding=\"async\" width=\"1300\" height=\"845\" src=\"https:\/\/wgphoto.pl\/t\/wp-content\/uploads\/2025\/05\/0520-27_rsn.jpg\" alt=\"\" class=\"wp-image-17674\" srcset=\"https:\/\/wgphoto.pl\/t\/wp-content\/uploads\/2025\/05\/0520-27_rsn.jpg 1300w, https:\/\/wgphoto.pl\/t\/wp-content\/uploads\/2025\/05\/0520-27_rsn-300x195.jpg 300w, https:\/\/wgphoto.pl\/t\/wp-content\/uploads\/2025\/05\/0520-27_rsn-768x499.jpg 768w\" sizes=\"auto, (max-width: 1300px) 100vw, 1300px\" \/><\/figure>\n\n\n\n<div class=\"wp-block-group has-global-padding is-layout-constrained wp-block-group-is-layout-constrained\">\n<p>SU46-041 z poci\u0105giem osobowym 93531 relacji Gdynia G\u0142\u00f3wna &#8211; Hel sfotografowana na ko\u0144cowej stacji. [29.07.2005]<\/p>\n<\/div>\n","protected":false},"excerpt":{"rendered":"<p>SU46-041 z poci\u0105giem osobowym 93531 relacji Gdynia G\u0142\u00f3wna &#8211; Hel sfotografowana na ko\u0144cowej stacji. [29.07.2005]<\/p>\n","protected":false},"author":1,"featured_media":17674,"comment_status":"open","ping_status":"","sticky":false,"template":"","format":"standard","meta":{"footnotes":""},"categories":[62,2,311],"tags":[1094,3882,63,27,84,1095],"class_list":["post-17673","post","type-post","status-publish","format-standard","has-post-thumbnail","hentry","category-analog","category-kolej","category-rok-2005","tag-2005-07-29","tag-hel","tag-pkp","tag-polska","tag-su46","tag-tab-pl450"],"_links":{"self":[{"href":"https:\/\/wgphoto.pl\/t\/index.php?rest_route=\/wp\/v2\/posts\/17673","targetHints":{"allow":["GET"]}}],"collection":[{"href":"https:\/\/wgphoto.pl\/t\/index.php?rest_route=\/wp\/v2\/posts"}],"about":[{"href":"https:\/\/wgphoto.pl\/t\/index.php?rest_route=\/wp\/v2\/types\/post"}],"author":[{"embeddable":true,"href":"https:\/\/wgphoto.pl\/t\/index.php?rest_route=\/wp\/v2\/users\/1"}],"replies":[{"embeddable":true,"href":"https:\/\/wgphoto.pl\/t\/index.php?rest_route=%2Fwp%2Fv2%2Fcomments&post=17673"}],"version-history":[{"count":1,"href":"https:\/\/wgphoto.pl\/t\/index.php?rest_route=\/wp\/v2\/posts\/17673\/revisions"}],"predecessor-version":[{"id":17675,"href":"https:\/\/wgphoto.pl\/t\/index.php?rest_route=\/wp\/v2\/posts\/17673\/revisions\/17675"}],"wp:featuredmedia":[{"embeddable":true,"href":"https:\/\/wgphoto.pl\/t\/index.php?rest_route=\/wp\/v2\/media\/17674"}],"wp:attachment":[{"href":"https:\/\/wgphoto.pl\/t\/index.php?rest_route=%2Fwp%2Fv2%2Fmedia&parent=17673"}],"wp:term":[{"taxonomy":"category","embeddable":true,"href":"https:\/\/wgphoto.pl\/t\/index.php?rest_route=%2Fwp%2Fv2%2Fcategories&post=17673"},{"taxonomy":"post_tag","embeddable":true,"href":"https:\/\/wgphoto.pl\/t\/index.php?rest_route=%2Fwp%2Fv2%2Ftags&post=17673"}],"curies":[{"name":"wp","href":"https:\/\/api.w.org\/{rel}","templated":true}]}}