{"id":17688,"date":"2025-05-26T17:02:39","date_gmt":"2025-05-26T15:02:39","guid":{"rendered":"https:\/\/wgphoto.pl\/t\/?p=17688"},"modified":"2025-05-26T17:02:39","modified_gmt":"2025-05-26T15:02:39","slug":"pierwsze-wyjscie-z-mroku","status":"publish","type":"post","link":"https:\/\/wgphoto.pl\/t\/?p=17688","title":{"rendered":"Pierwsze wyj\u015bcie z mroku"},"content":{"rendered":"\n<figure class=\"wp-block-image aligncenter size-full\"><img loading=\"lazy\" decoding=\"async\" width=\"1300\" height=\"813\" src=\"http:\/\/wgphoto.pl\/t\/wp-content\/uploads\/2025\/05\/IMGP7663.jpg\" alt=\"\" class=\"wp-image-17686\" srcset=\"https:\/\/wgphoto.pl\/t\/wp-content\/uploads\/2025\/05\/IMGP7663.jpg 1300w, https:\/\/wgphoto.pl\/t\/wp-content\/uploads\/2025\/05\/IMGP7663-300x188.jpg 300w, https:\/\/wgphoto.pl\/t\/wp-content\/uploads\/2025\/05\/IMGP7663-768x480.jpg 768w\" sizes=\"auto, (max-width: 1300px) 100vw, 1300px\" \/><\/figure>\n\n\n\n<div class=\"wp-block-group has-global-padding is-layout-constrained wp-block-group-is-layout-constrained\">\n<p>Brno, przystanek Pis\u00e1rky, sk\u0142ad wagon\u00f3w typu T3 nr 1590+? wyje\u017cd\u017ca spod wiaduktu pod ulic\u0105 Hlinky. [21.07.2009]<\/p>\n<\/div>\n","protected":false},"excerpt":{"rendered":"<p>Brno, przystanek Pis\u00e1rky, sk\u0142ad wagon\u00f3w typu T3 nr 1590+? wyje\u017cd\u017ca spod wiaduktu pod ulic\u0105 Hlinky. [21.07.2009]<\/p>\n","protected":false},"author":1,"featured_media":17686,"comment_status":"open","ping_status":"","sticky":false,"template":"","format":"standard","meta":{"footnotes":""},"categories":[169,3],"tags":[1244,328,49,330,1011],"class_list":["post-17688","post","type-post","status-publish","format-standard","has-post-thumbnail","hentry","category-rok-2009","category-tramwaj","tag-2009-07-21","tag-brno","tag-czechy","tag-dpmb-brno","tag-tatra-t3"],"_links":{"self":[{"href":"https:\/\/wgphoto.pl\/t\/index.php?rest_route=\/wp\/v2\/posts\/17688","targetHints":{"allow":["GET"]}}],"collection":[{"href":"https:\/\/wgphoto.pl\/t\/index.php?rest_route=\/wp\/v2\/posts"}],"about":[{"href":"https:\/\/wgphoto.pl\/t\/index.php?rest_route=\/wp\/v2\/types\/post"}],"author":[{"embeddable":true,"href":"https:\/\/wgphoto.pl\/t\/index.php?rest_route=\/wp\/v2\/users\/1"}],"replies":[{"embeddable":true,"href":"https:\/\/wgphoto.pl\/t\/index.php?rest_route=%2Fwp%2Fv2%2Fcomments&post=17688"}],"version-history":[{"count":1,"href":"https:\/\/wgphoto.pl\/t\/index.php?rest_route=\/wp\/v2\/posts\/17688\/revisions"}],"predecessor-version":[{"id":17690,"href":"https:\/\/wgphoto.pl\/t\/index.php?rest_route=\/wp\/v2\/posts\/17688\/revisions\/17690"}],"wp:featuredmedia":[{"embeddable":true,"href":"https:\/\/wgphoto.pl\/t\/index.php?rest_route=\/wp\/v2\/media\/17686"}],"wp:attachment":[{"href":"https:\/\/wgphoto.pl\/t\/index.php?rest_route=%2Fwp%2Fv2%2Fmedia&parent=17688"}],"wp:term":[{"taxonomy":"category","embeddable":true,"href":"https:\/\/wgphoto.pl\/t\/index.php?rest_route=%2Fwp%2Fv2%2Fcategories&post=17688"},{"taxonomy":"post_tag","embeddable":true,"href":"https:\/\/wgphoto.pl\/t\/index.php?rest_route=%2Fwp%2Fv2%2Ftags&post=17688"}],"curies":[{"name":"wp","href":"https:\/\/api.w.org\/{rel}","templated":true}]}}