{"id":17703,"date":"2025-05-26T17:08:55","date_gmt":"2025-05-26T15:08:55","guid":{"rendered":"https:\/\/wgphoto.pl\/t\/?p=17703"},"modified":"2025-05-26T17:08:55","modified_gmt":"2025-05-26T15:08:55","slug":"wieczorny-trojpak","status":"publish","type":"post","link":"https:\/\/wgphoto.pl\/t\/?p=17703","title":{"rendered":"Wieczorny tr\u00f3jpak"},"content":{"rendered":"\n<figure class=\"wp-block-image aligncenter size-full\"><img loading=\"lazy\" decoding=\"async\" width=\"1300\" height=\"867\" src=\"https:\/\/wgphoto.pl\/t\/wp-content\/uploads\/2025\/05\/0424-14.jpg\" alt=\"\" class=\"wp-image-17704\" srcset=\"https:\/\/wgphoto.pl\/t\/wp-content\/uploads\/2025\/05\/0424-14.jpg 1300w, https:\/\/wgphoto.pl\/t\/wp-content\/uploads\/2025\/05\/0424-14-300x200.jpg 300w, https:\/\/wgphoto.pl\/t\/wp-content\/uploads\/2025\/05\/0424-14-768x512.jpg 768w\" sizes=\"auto, (max-width: 1300px) 100vw, 1300px\" \/><\/figure>\n\n\n\n<div class=\"wp-block-group has-global-padding is-layout-constrained wp-block-group-is-layout-constrained\">\n<p>Zestaw EN57-1298+1508+1303 (ostatni, planowy wroc\u0142awski potr\u00f3jniak) odjedzie z Wroc\u0142awia G\u0142\u00f3wnego jako poci\u0105g nr 631 do Rawicza. [11.09.2004]<\/p>\n<\/div>\n","protected":false},"excerpt":{"rendered":"<p>Zestaw EN57-1298+1508+1303 (ostatni, planowy wroc\u0142awski potr\u00f3jniak) odjedzie z Wroc\u0142awia G\u0142\u00f3wnego jako poci\u0105g nr 631 do Rawicza. [11.09.2004]<\/p>\n","protected":false},"author":1,"featured_media":17704,"comment_status":"open","ping_status":"","sticky":false,"template":"","format":"standard","meta":{"footnotes":""},"categories":[62,2,61],"tags":[3887,132,179,173,63,27,135,190,41,180],"class_list":["post-17703","post","type-post","status-publish","format-standard","has-post-thumbnail","hentry","category-analog","category-kolej","category-rok-2004","tag-2004-09-11","tag-en57","tag-hala-peronowa","tag-koncowki","tag-pkp","tag-polska","tag-potrojniak","tag-tab-pl330","tag-wroclaw","tag-wroclaw-glowny"],"_links":{"self":[{"href":"https:\/\/wgphoto.pl\/t\/index.php?rest_route=\/wp\/v2\/posts\/17703","targetHints":{"allow":["GET"]}}],"collection":[{"href":"https:\/\/wgphoto.pl\/t\/index.php?rest_route=\/wp\/v2\/posts"}],"about":[{"href":"https:\/\/wgphoto.pl\/t\/index.php?rest_route=\/wp\/v2\/types\/post"}],"author":[{"embeddable":true,"href":"https:\/\/wgphoto.pl\/t\/index.php?rest_route=\/wp\/v2\/users\/1"}],"replies":[{"embeddable":true,"href":"https:\/\/wgphoto.pl\/t\/index.php?rest_route=%2Fwp%2Fv2%2Fcomments&post=17703"}],"version-history":[{"count":1,"href":"https:\/\/wgphoto.pl\/t\/index.php?rest_route=\/wp\/v2\/posts\/17703\/revisions"}],"predecessor-version":[{"id":17705,"href":"https:\/\/wgphoto.pl\/t\/index.php?rest_route=\/wp\/v2\/posts\/17703\/revisions\/17705"}],"wp:featuredmedia":[{"embeddable":true,"href":"https:\/\/wgphoto.pl\/t\/index.php?rest_route=\/wp\/v2\/media\/17704"}],"wp:attachment":[{"href":"https:\/\/wgphoto.pl\/t\/index.php?rest_route=%2Fwp%2Fv2%2Fmedia&parent=17703"}],"wp:term":[{"taxonomy":"category","embeddable":true,"href":"https:\/\/wgphoto.pl\/t\/index.php?rest_route=%2Fwp%2Fv2%2Fcategories&post=17703"},{"taxonomy":"post_tag","embeddable":true,"href":"https:\/\/wgphoto.pl\/t\/index.php?rest_route=%2Fwp%2Fv2%2Ftags&post=17703"}],"curies":[{"name":"wp","href":"https:\/\/api.w.org\/{rel}","templated":true}]}}