{"id":17709,"date":"2025-05-26T17:10:35","date_gmt":"2025-05-26T15:10:35","guid":{"rendered":"https:\/\/wgphoto.pl\/t\/?p=17709"},"modified":"2025-05-26T17:10:35","modified_gmt":"2025-05-26T15:10:35","slug":"sp42-191-walbrzych-glowny","status":"publish","type":"post","link":"https:\/\/wgphoto.pl\/t\/?p=17709","title":{"rendered":"SP42-191, Wa\u0142brzych G\u0142\u00f3wny"},"content":{"rendered":"\n<figure class=\"wp-block-image aligncenter size-full\"><img loading=\"lazy\" decoding=\"async\" width=\"1300\" height=\"862\" src=\"https:\/\/wgphoto.pl\/t\/wp-content\/uploads\/2025\/05\/0421-17.jpg\" alt=\"\" class=\"wp-image-17710\" srcset=\"https:\/\/wgphoto.pl\/t\/wp-content\/uploads\/2025\/05\/0421-17.jpg 1300w, https:\/\/wgphoto.pl\/t\/wp-content\/uploads\/2025\/05\/0421-17-300x199.jpg 300w, https:\/\/wgphoto.pl\/t\/wp-content\/uploads\/2025\/05\/0421-17-768x509.jpg 768w\" sizes=\"auto, (max-width: 1300px) 100vw, 1300px\" \/><\/figure>\n\n\n\n<div class=\"wp-block-group has-global-padding is-layout-constrained wp-block-group-is-layout-constrained\">\n<p>SP42-191 z poci\u0105giem osobowym 8034 do K\u0142odzka G\u0142\u00f3wnego wyje\u017cd\u017ca z Wa\u0142brzycha G\u0142\u00f3wnego. W tle dostrzec mo\u017cna wie\u017c\u0119 szybu Staszic. [23.08.2004]<\/p>\n<\/div>\n","protected":false},"excerpt":{"rendered":"<p>SP42-191 z poci\u0105giem osobowym 8034 do K\u0142odzka G\u0142\u00f3wnego wyje\u017cd\u017ca z Wa\u0142brzycha G\u0142\u00f3wnego. W tle dostrzec mo\u017cna wie\u017c\u0119 szybu Staszic. [23.08.2004]<\/p>\n","protected":false},"author":1,"featured_media":17710,"comment_status":"open","ping_status":"","sticky":false,"template":"","format":"standard","meta":{"footnotes":""},"categories":[62,2,61],"tags":[2752,45,63,27,316,391,1101],"class_list":["post-17709","post","type-post","status-publish","format-standard","has-post-thumbnail","hentry","category-analog","category-kolej","category-rok-2004","tag-2004-08-23","tag-most","tag-pkp","tag-polska","tag-sp42","tag-tab-pl245","tag-walbrzych-glowny"],"_links":{"self":[{"href":"https:\/\/wgphoto.pl\/t\/index.php?rest_route=\/wp\/v2\/posts\/17709","targetHints":{"allow":["GET"]}}],"collection":[{"href":"https:\/\/wgphoto.pl\/t\/index.php?rest_route=\/wp\/v2\/posts"}],"about":[{"href":"https:\/\/wgphoto.pl\/t\/index.php?rest_route=\/wp\/v2\/types\/post"}],"author":[{"embeddable":true,"href":"https:\/\/wgphoto.pl\/t\/index.php?rest_route=\/wp\/v2\/users\/1"}],"replies":[{"embeddable":true,"href":"https:\/\/wgphoto.pl\/t\/index.php?rest_route=%2Fwp%2Fv2%2Fcomments&post=17709"}],"version-history":[{"count":1,"href":"https:\/\/wgphoto.pl\/t\/index.php?rest_route=\/wp\/v2\/posts\/17709\/revisions"}],"predecessor-version":[{"id":17711,"href":"https:\/\/wgphoto.pl\/t\/index.php?rest_route=\/wp\/v2\/posts\/17709\/revisions\/17711"}],"wp:featuredmedia":[{"embeddable":true,"href":"https:\/\/wgphoto.pl\/t\/index.php?rest_route=\/wp\/v2\/media\/17710"}],"wp:attachment":[{"href":"https:\/\/wgphoto.pl\/t\/index.php?rest_route=%2Fwp%2Fv2%2Fmedia&parent=17709"}],"wp:term":[{"taxonomy":"category","embeddable":true,"href":"https:\/\/wgphoto.pl\/t\/index.php?rest_route=%2Fwp%2Fv2%2Fcategories&post=17709"},{"taxonomy":"post_tag","embeddable":true,"href":"https:\/\/wgphoto.pl\/t\/index.php?rest_route=%2Fwp%2Fv2%2Ftags&post=17709"}],"curies":[{"name":"wp","href":"https:\/\/api.w.org\/{rel}","templated":true}]}}