{"id":17715,"date":"2025-05-26T17:15:30","date_gmt":"2025-05-26T15:15:30","guid":{"rendered":"https:\/\/wgphoto.pl\/t\/?p=17715"},"modified":"2025-12-21T20:22:12","modified_gmt":"2025-12-21T19:22:12","slug":"raczej-nuda","status":"publish","type":"post","link":"https:\/\/wgphoto.pl\/t\/?p=17715","title":{"rendered":"Raczej nuda"},"content":{"rendered":"\n<figure class=\"wp-block-image aligncenter size-full\"><img loading=\"lazy\" decoding=\"async\" width=\"1200\" height=\"795\" src=\"https:\/\/wgphoto.pl\/t\/wp-content\/uploads\/2025\/05\/IMGP2793-1.jpg\" alt=\"\" class=\"wp-image-17717\" srcset=\"https:\/\/wgphoto.pl\/t\/wp-content\/uploads\/2025\/05\/IMGP2793-1.jpg 1200w, https:\/\/wgphoto.pl\/t\/wp-content\/uploads\/2025\/05\/IMGP2793-1-300x199.jpg 300w, https:\/\/wgphoto.pl\/t\/wp-content\/uploads\/2025\/05\/IMGP2793-1-768x509.jpg 768w\" sizes=\"auto, (max-width: 1200px) 100vw, 1200px\" \/><\/figure>\n\n\n\n<div class=\"wp-block-group has-global-padding is-layout-constrained wp-block-group-is-layout-constrained\">\n<p>Pozna\u0144 most \u015aw. Rocha. W ostatnich latach Pozna\u0144 nakupi\u0142 grube dziesi\u0105tki takich pojazd\u00f3w, a \u017ce mam je r\u00f3wnie\u017c we Wroc\u0142awiu, to stanowi\u0142y one dla mnie raczej \u015brednio ciekawy temat. Chocia\u017c dzi\u0119ki jaskrawym barwom te pojazdy wygl\u0105daj\u0105 ca\u0142kiem nie\u017ale, w por\u00f3wnaniu do wroc\u0142awskich &#8222;karawan\u00f3w&#8221;. 19.02.2019<\/p>\n<\/div>\n","protected":false},"excerpt":{"rendered":"<p>Pozna\u0144 most \u015aw. Rocha. W ostatnich latach Pozna\u0144 nakupi\u0142 grube dziesi\u0105tki takich pojazd\u00f3w, a \u017ce mam je r\u00f3wnie\u017c we Wroc\u0142awiu, to stanowi\u0142y one dla mnie raczej \u015brednio ciekawy temat. Chocia\u017c dzi\u0119ki jaskrawym barwom te pojazdy wygl\u0105daj\u0105 ca\u0142kiem nie\u017ale, w por\u00f3wnaniu do wroc\u0142awskich &#8222;karawan\u00f3w&#8221;. 19.02.2019<\/p>\n","protected":false},"author":1,"featured_media":17717,"comment_status":"open","ping_status":"","sticky":false,"template":"","format":"standard","meta":{"footnotes":""},"categories":[136,3],"tags":[182,4602,501,45,236,27,235],"class_list":["post-17715","post","type-post","status-publish","format-standard","has-post-thumbnail","hentry","category-rok-2019","category-tramwaj","tag-2019-02-19","tag-mf02ac","tag-moderus-beta","tag-most","tag-mpk-poznan","tag-polska","tag-poznan"],"_links":{"self":[{"href":"https:\/\/wgphoto.pl\/t\/index.php?rest_route=\/wp\/v2\/posts\/17715","targetHints":{"allow":["GET"]}}],"collection":[{"href":"https:\/\/wgphoto.pl\/t\/index.php?rest_route=\/wp\/v2\/posts"}],"about":[{"href":"https:\/\/wgphoto.pl\/t\/index.php?rest_route=\/wp\/v2\/types\/post"}],"author":[{"embeddable":true,"href":"https:\/\/wgphoto.pl\/t\/index.php?rest_route=\/wp\/v2\/users\/1"}],"replies":[{"embeddable":true,"href":"https:\/\/wgphoto.pl\/t\/index.php?rest_route=%2Fwp%2Fv2%2Fcomments&post=17715"}],"version-history":[{"count":1,"href":"https:\/\/wgphoto.pl\/t\/index.php?rest_route=\/wp\/v2\/posts\/17715\/revisions"}],"predecessor-version":[{"id":17718,"href":"https:\/\/wgphoto.pl\/t\/index.php?rest_route=\/wp\/v2\/posts\/17715\/revisions\/17718"}],"wp:featuredmedia":[{"embeddable":true,"href":"https:\/\/wgphoto.pl\/t\/index.php?rest_route=\/wp\/v2\/media\/17717"}],"wp:attachment":[{"href":"https:\/\/wgphoto.pl\/t\/index.php?rest_route=%2Fwp%2Fv2%2Fmedia&parent=17715"}],"wp:term":[{"taxonomy":"category","embeddable":true,"href":"https:\/\/wgphoto.pl\/t\/index.php?rest_route=%2Fwp%2Fv2%2Fcategories&post=17715"},{"taxonomy":"post_tag","embeddable":true,"href":"https:\/\/wgphoto.pl\/t\/index.php?rest_route=%2Fwp%2Fv2%2Ftags&post=17715"}],"curies":[{"name":"wp","href":"https:\/\/api.w.org\/{rel}","templated":true}]}}