{"id":17719,"date":"2025-05-26T17:21:34","date_gmt":"2025-05-26T15:21:34","guid":{"rendered":"https:\/\/wgphoto.pl\/t\/?p=17719"},"modified":"2025-05-26T17:21:34","modified_gmt":"2025-05-26T15:21:34","slug":"stopiatki-na-pustkowiu","status":"publish","type":"post","link":"https:\/\/wgphoto.pl\/t\/?p=17719","title":{"rendered":"Stopi\u0105tki na pustkowiu"},"content":{"rendered":"\n<figure class=\"wp-block-image aligncenter size-full\"><img loading=\"lazy\" decoding=\"async\" width=\"773\" height=\"1000\" src=\"https:\/\/wgphoto.pl\/t\/wp-content\/uploads\/2025\/05\/0515-13.jpg\" alt=\"\" class=\"wp-image-17722\" srcset=\"https:\/\/wgphoto.pl\/t\/wp-content\/uploads\/2025\/05\/0515-13.jpg 773w, https:\/\/wgphoto.pl\/t\/wp-content\/uploads\/2025\/05\/0515-13-232x300.jpg 232w, https:\/\/wgphoto.pl\/t\/wp-content\/uploads\/2025\/05\/0515-13-768x994.jpg 768w\" sizes=\"auto, (max-width: 773px) 100vw, 773px\" \/><\/figure>\n\n\n\n<div class=\"wp-block-group has-global-padding is-layout-constrained wp-block-group-is-layout-constrained\">\n<p>Zestaw 105Na 2496+2497 w\u015br\u00f3d pustki placu Spo\u0142ecznego (oficjalnie: na ul. Kujawskiej) we Wroc\u0142awiu. W tle wida\u0107 ko\u015bci\u00f3\u0142 pw. \u015awi\u0119tej Tr\u00f3jcy oraz po lewej niewielk\u0105, ceglan\u0105 \u015bwi\u0105tyni\u0119 pw. \u015aw. \u0141azarza. Foto z takiej perspektywy mo\u017cliwe by\u0142o do wykonania dzi\u0119ki wymianie nawierzchni na estakadzie i tym samym jej zamkni\u0119ciu dla ruchu ko\u0142owego. [14.07.2005]<\/p>\n<\/div>\n","protected":false},"excerpt":{"rendered":"<p>Zestaw 105Na 2496+2497 w\u015br\u00f3d pustki placu Spo\u0142ecznego (oficjalnie: na ul. Kujawskiej) we Wroc\u0142awiu. W tle wida\u0107 ko\u015bci\u00f3\u0142 pw. \u015awi\u0119tej Tr\u00f3jcy oraz po lewej niewielk\u0105, ceglan\u0105 \u015bwi\u0105tyni\u0119 pw. \u015aw. \u0141azarza. Foto z takiej perspektywy mo\u017cliwe by\u0142o do wykonania dzi\u0119ki wymianie nawierzchni na estakadzie i tym samym jej zamkni\u0119ciu dla ruchu ko\u0142owego. [14.07.2005]<\/p>\n","protected":false},"author":1,"featured_media":17722,"comment_status":"open","ping_status":"","sticky":false,"template":"","format":"standard","meta":{"footnotes":""},"categories":[62,128,311,3],"tags":[155,1107,42,27,41],"class_list":["post-17719","post","type-post","status-publish","format-standard","has-post-thumbnail","hentry","category-analog","category-pionowe","category-rok-2005","category-tramwaj","tag-105na","tag-2005-07-14","tag-mpk-wroclaw","tag-polska","tag-wroclaw"],"_links":{"self":[{"href":"https:\/\/wgphoto.pl\/t\/index.php?rest_route=\/wp\/v2\/posts\/17719","targetHints":{"allow":["GET"]}}],"collection":[{"href":"https:\/\/wgphoto.pl\/t\/index.php?rest_route=\/wp\/v2\/posts"}],"about":[{"href":"https:\/\/wgphoto.pl\/t\/index.php?rest_route=\/wp\/v2\/types\/post"}],"author":[{"embeddable":true,"href":"https:\/\/wgphoto.pl\/t\/index.php?rest_route=\/wp\/v2\/users\/1"}],"replies":[{"embeddable":true,"href":"https:\/\/wgphoto.pl\/t\/index.php?rest_route=%2Fwp%2Fv2%2Fcomments&post=17719"}],"version-history":[{"count":1,"href":"https:\/\/wgphoto.pl\/t\/index.php?rest_route=\/wp\/v2\/posts\/17719\/revisions"}],"predecessor-version":[{"id":17723,"href":"https:\/\/wgphoto.pl\/t\/index.php?rest_route=\/wp\/v2\/posts\/17719\/revisions\/17723"}],"wp:featuredmedia":[{"embeddable":true,"href":"https:\/\/wgphoto.pl\/t\/index.php?rest_route=\/wp\/v2\/media\/17722"}],"wp:attachment":[{"href":"https:\/\/wgphoto.pl\/t\/index.php?rest_route=%2Fwp%2Fv2%2Fmedia&parent=17719"}],"wp:term":[{"taxonomy":"category","embeddable":true,"href":"https:\/\/wgphoto.pl\/t\/index.php?rest_route=%2Fwp%2Fv2%2Fcategories&post=17719"},{"taxonomy":"post_tag","embeddable":true,"href":"https:\/\/wgphoto.pl\/t\/index.php?rest_route=%2Fwp%2Fv2%2Ftags&post=17719"}],"curies":[{"name":"wp","href":"https:\/\/api.w.org\/{rel}","templated":true}]}}