{"id":17724,"date":"2025-05-26T17:22:30","date_gmt":"2025-05-26T15:22:30","guid":{"rendered":"https:\/\/wgphoto.pl\/t\/?p=17724"},"modified":"2025-12-21T20:21:27","modified_gmt":"2025-12-21T19:21:27","slug":"moderus-beta-mf17ac-2720","status":"publish","type":"post","link":"https:\/\/wgphoto.pl\/t\/?p=17724","title":{"rendered":"Moderus Beta MF17AC 2720"},"content":{"rendered":"\n<figure class=\"wp-block-image aligncenter size-full\"><img loading=\"lazy\" decoding=\"async\" width=\"800\" height=\"1000\" src=\"https:\/\/wgphoto.pl\/t\/wp-content\/uploads\/2025\/05\/IMGP8229.jpg\" alt=\"\" class=\"wp-image-17725\" srcset=\"https:\/\/wgphoto.pl\/t\/wp-content\/uploads\/2025\/05\/IMGP8229.jpg 800w, https:\/\/wgphoto.pl\/t\/wp-content\/uploads\/2025\/05\/IMGP8229-240x300.jpg 240w, https:\/\/wgphoto.pl\/t\/wp-content\/uploads\/2025\/05\/IMGP8229-768x960.jpg 768w\" sizes=\"auto, (max-width: 800px) 100vw, 800px\" \/><\/figure>\n\n\n\n<div class=\"wp-block-group has-global-padding is-layout-constrained wp-block-group-is-layout-constrained\">\n<p>Moderus Beta MF17AC 2720 mija skrzy\u017cowanie ulic \u015aw. Wincentego, S\u0142owia\u0144skiej i O\u0142bi\u0144skiej we Wroc\u0142awiu. To chyba moje pierwsze foto Protramo-Moderusa. [14.08.2022]<\/p>\n<\/div>\n","protected":false},"excerpt":{"rendered":"<p>Moderus Beta MF17AC 2720 mija skrzy\u017cowanie ulic \u015aw. Wincentego, S\u0142owia\u0144skiej i O\u0142bi\u0144skiej we Wroc\u0142awiu. To chyba moje pierwsze foto Protramo-Moderusa. [14.08.2022]<\/p>\n","protected":false},"author":1,"featured_media":17725,"comment_status":"open","ping_status":"","sticky":false,"template":"","format":"standard","meta":{"footnotes":""},"categories":[128,669,3],"tags":[3872,395,4601,501,42,27,41],"class_list":["post-17724","post","type-post","status-publish","format-standard","has-post-thumbnail","hentry","category-pionowe","category-rok-2022","category-tramwaj","tag-2022-08-14","tag-lustro","tag-mf17ac","tag-moderus-beta","tag-mpk-wroclaw","tag-polska","tag-wroclaw"],"_links":{"self":[{"href":"https:\/\/wgphoto.pl\/t\/index.php?rest_route=\/wp\/v2\/posts\/17724","targetHints":{"allow":["GET"]}}],"collection":[{"href":"https:\/\/wgphoto.pl\/t\/index.php?rest_route=\/wp\/v2\/posts"}],"about":[{"href":"https:\/\/wgphoto.pl\/t\/index.php?rest_route=\/wp\/v2\/types\/post"}],"author":[{"embeddable":true,"href":"https:\/\/wgphoto.pl\/t\/index.php?rest_route=\/wp\/v2\/users\/1"}],"replies":[{"embeddable":true,"href":"https:\/\/wgphoto.pl\/t\/index.php?rest_route=%2Fwp%2Fv2%2Fcomments&post=17724"}],"version-history":[{"count":1,"href":"https:\/\/wgphoto.pl\/t\/index.php?rest_route=\/wp\/v2\/posts\/17724\/revisions"}],"predecessor-version":[{"id":17726,"href":"https:\/\/wgphoto.pl\/t\/index.php?rest_route=\/wp\/v2\/posts\/17724\/revisions\/17726"}],"wp:featuredmedia":[{"embeddable":true,"href":"https:\/\/wgphoto.pl\/t\/index.php?rest_route=\/wp\/v2\/media\/17725"}],"wp:attachment":[{"href":"https:\/\/wgphoto.pl\/t\/index.php?rest_route=%2Fwp%2Fv2%2Fmedia&parent=17724"}],"wp:term":[{"taxonomy":"category","embeddable":true,"href":"https:\/\/wgphoto.pl\/t\/index.php?rest_route=%2Fwp%2Fv2%2Fcategories&post=17724"},{"taxonomy":"post_tag","embeddable":true,"href":"https:\/\/wgphoto.pl\/t\/index.php?rest_route=%2Fwp%2Fv2%2Ftags&post=17724"}],"curies":[{"name":"wp","href":"https:\/\/api.w.org\/{rel}","templated":true}]}}