{"id":17746,"date":"2025-05-26T17:30:57","date_gmt":"2025-05-26T15:30:57","guid":{"rendered":"https:\/\/wgphoto.pl\/t\/?p=17746"},"modified":"2025-05-26T17:30:57","modified_gmt":"2025-05-26T15:30:57","slug":"kolejowy-modernizm","status":"publish","type":"post","link":"https:\/\/wgphoto.pl\/t\/?p=17746","title":{"rendered":"Kolejowy modernizm"},"content":{"rendered":"\n<figure class=\"wp-block-image aligncenter size-full\"><img loading=\"lazy\" decoding=\"async\" width=\"1300\" height=\"861\" src=\"https:\/\/wgphoto.pl\/t\/wp-content\/uploads\/2025\/05\/IMGP8581.jpg\" alt=\"\" class=\"wp-image-17747\" srcset=\"https:\/\/wgphoto.pl\/t\/wp-content\/uploads\/2025\/05\/IMGP8581.jpg 1300w, https:\/\/wgphoto.pl\/t\/wp-content\/uploads\/2025\/05\/IMGP8581-300x199.jpg 300w, https:\/\/wgphoto.pl\/t\/wp-content\/uploads\/2025\/05\/IMGP8581-768x509.jpg 768w\" sizes=\"auto, (max-width: 1300px) 100vw, 1300px\" \/><\/figure>\n\n\n\n<div class=\"wp-block-group has-global-padding is-layout-constrained wp-block-group-is-layout-constrained\">\n<p>Zestaw typu DT4.26 odje\u017cd\u017ca z w\u0119z\u0142owej stacji Volksdorf w Hamburgu, gdzie linia U1 rozga\u0142\u0119zia si\u0119 na dwie trasy, obs\u0142ugiwane przez co drugi kurs. Ten ze zdj\u0119cia jedzie akurat do Ohlstedt. [20.08.2022]<\/p>\n<\/div>\n","protected":false},"excerpt":{"rendered":"<p>Zestaw typu DT4.26 odje\u017cd\u017ca z w\u0119z\u0142owej stacji Volksdorf w Hamburgu, gdzie linia U1 rozga\u0142\u0119zia si\u0119 na dwie trasy, obs\u0142ugiwane przez co drugi kurs. Ten ze zdj\u0119cia jedzie akurat do Ohlstedt. [20.08.2022]<\/p>\n","protected":false},"author":1,"featured_media":17747,"comment_status":"open","ping_status":"","sticky":false,"template":"","format":"standard","meta":{"footnotes":""},"categories":[4,669],"tags":[3888,1282,34,3889,3890,173,23],"class_list":["post-17746","post","type-post","status-publish","format-standard","has-post-thumbnail","hentry","category-metro","category-rok-2022","tag-2022-08-20","tag-9-euro-ticket-2022","tag-architektura","tag-hamburg","tag-hamburger-hochbahn","tag-koncowki","tag-niemcy"],"_links":{"self":[{"href":"https:\/\/wgphoto.pl\/t\/index.php?rest_route=\/wp\/v2\/posts\/17746","targetHints":{"allow":["GET"]}}],"collection":[{"href":"https:\/\/wgphoto.pl\/t\/index.php?rest_route=\/wp\/v2\/posts"}],"about":[{"href":"https:\/\/wgphoto.pl\/t\/index.php?rest_route=\/wp\/v2\/types\/post"}],"author":[{"embeddable":true,"href":"https:\/\/wgphoto.pl\/t\/index.php?rest_route=\/wp\/v2\/users\/1"}],"replies":[{"embeddable":true,"href":"https:\/\/wgphoto.pl\/t\/index.php?rest_route=%2Fwp%2Fv2%2Fcomments&post=17746"}],"version-history":[{"count":1,"href":"https:\/\/wgphoto.pl\/t\/index.php?rest_route=\/wp\/v2\/posts\/17746\/revisions"}],"predecessor-version":[{"id":17748,"href":"https:\/\/wgphoto.pl\/t\/index.php?rest_route=\/wp\/v2\/posts\/17746\/revisions\/17748"}],"wp:featuredmedia":[{"embeddable":true,"href":"https:\/\/wgphoto.pl\/t\/index.php?rest_route=\/wp\/v2\/media\/17747"}],"wp:attachment":[{"href":"https:\/\/wgphoto.pl\/t\/index.php?rest_route=%2Fwp%2Fv2%2Fmedia&parent=17746"}],"wp:term":[{"taxonomy":"category","embeddable":true,"href":"https:\/\/wgphoto.pl\/t\/index.php?rest_route=%2Fwp%2Fv2%2Fcategories&post=17746"},{"taxonomy":"post_tag","embeddable":true,"href":"https:\/\/wgphoto.pl\/t\/index.php?rest_route=%2Fwp%2Fv2%2Ftags&post=17746"}],"curies":[{"name":"wp","href":"https:\/\/api.w.org\/{rel}","templated":true}]}}