{"id":17749,"date":"2025-05-26T17:31:49","date_gmt":"2025-05-26T15:31:49","guid":{"rendered":"https:\/\/wgphoto.pl\/t\/?p=17749"},"modified":"2025-05-26T17:31:49","modified_gmt":"2025-05-26T15:31:49","slug":"metrem-do-sasiedniego-landu","status":"publish","type":"post","link":"https:\/\/wgphoto.pl\/t\/?p=17749","title":{"rendered":"Metrem do s\u0105siedniego landu"},"content":{"rendered":"\n<figure class=\"wp-block-image aligncenter size-full\"><img loading=\"lazy\" decoding=\"async\" width=\"1300\" height=\"861\" src=\"https:\/\/wgphoto.pl\/t\/wp-content\/uploads\/2025\/05\/IMGP8563.jpg\" alt=\"\" class=\"wp-image-17750\" srcset=\"https:\/\/wgphoto.pl\/t\/wp-content\/uploads\/2025\/05\/IMGP8563.jpg 1300w, https:\/\/wgphoto.pl\/t\/wp-content\/uploads\/2025\/05\/IMGP8563-300x199.jpg 300w, https:\/\/wgphoto.pl\/t\/wp-content\/uploads\/2025\/05\/IMGP8563-768x509.jpg 768w\" sizes=\"auto, (max-width: 1300px) 100vw, 1300px\" \/><\/figure>\n\n\n\n<div class=\"wp-block-group has-global-padding is-layout-constrained wp-block-group-is-layout-constrained\">\n<p>Poci\u0105g typu DT4.3 zbli\u017ca si\u0119 jednotorowym odcinkiem do ko\u0144cowej stacji w miejscowo\u015bci Gro\u00dfhansdorf, le\u017c\u0105cej w landzie Szlezwik-Holsztyn. Jesieni\u0105 tam musi by\u0107 klimat i \u015blizgawka na szynach. [20.08.2022]<\/p>\n<\/div>\n","protected":false},"excerpt":{"rendered":"<p>Poci\u0105g typu DT4.3 zbli\u017ca si\u0119 jednotorowym odcinkiem do ko\u0144cowej stacji w miejscowo\u015bci Gro\u00dfhansdorf, le\u017c\u0105cej w landzie Szlezwik-Holsztyn. Jesieni\u0105 tam musi by\u0107 klimat i \u015blizgawka na szynach. [20.08.2022]<\/p>\n","protected":false},"author":1,"featured_media":17750,"comment_status":"open","ping_status":"","sticky":false,"template":"","format":"standard","meta":{"footnotes":""},"categories":[4,669],"tags":[3888,1282,3889,3890,173,23],"class_list":["post-17749","post","type-post","status-publish","format-standard","has-post-thumbnail","hentry","category-metro","category-rok-2022","tag-2022-08-20","tag-9-euro-ticket-2022","tag-hamburg","tag-hamburger-hochbahn","tag-koncowki","tag-niemcy"],"_links":{"self":[{"href":"https:\/\/wgphoto.pl\/t\/index.php?rest_route=\/wp\/v2\/posts\/17749","targetHints":{"allow":["GET"]}}],"collection":[{"href":"https:\/\/wgphoto.pl\/t\/index.php?rest_route=\/wp\/v2\/posts"}],"about":[{"href":"https:\/\/wgphoto.pl\/t\/index.php?rest_route=\/wp\/v2\/types\/post"}],"author":[{"embeddable":true,"href":"https:\/\/wgphoto.pl\/t\/index.php?rest_route=\/wp\/v2\/users\/1"}],"replies":[{"embeddable":true,"href":"https:\/\/wgphoto.pl\/t\/index.php?rest_route=%2Fwp%2Fv2%2Fcomments&post=17749"}],"version-history":[{"count":1,"href":"https:\/\/wgphoto.pl\/t\/index.php?rest_route=\/wp\/v2\/posts\/17749\/revisions"}],"predecessor-version":[{"id":17751,"href":"https:\/\/wgphoto.pl\/t\/index.php?rest_route=\/wp\/v2\/posts\/17749\/revisions\/17751"}],"wp:featuredmedia":[{"embeddable":true,"href":"https:\/\/wgphoto.pl\/t\/index.php?rest_route=\/wp\/v2\/media\/17750"}],"wp:attachment":[{"href":"https:\/\/wgphoto.pl\/t\/index.php?rest_route=%2Fwp%2Fv2%2Fmedia&parent=17749"}],"wp:term":[{"taxonomy":"category","embeddable":true,"href":"https:\/\/wgphoto.pl\/t\/index.php?rest_route=%2Fwp%2Fv2%2Fcategories&post=17749"},{"taxonomy":"post_tag","embeddable":true,"href":"https:\/\/wgphoto.pl\/t\/index.php?rest_route=%2Fwp%2Fv2%2Ftags&post=17749"}],"curies":[{"name":"wp","href":"https:\/\/api.w.org\/{rel}","templated":true}]}}