{"id":17764,"date":"2025-05-26T17:36:16","date_gmt":"2025-05-26T15:36:16","guid":{"rendered":"https:\/\/wgphoto.pl\/t\/?p=17764"},"modified":"2025-05-26T17:36:16","modified_gmt":"2025-05-26T15:36:16","slug":"porownanie-stylistyki","status":"publish","type":"post","link":"https:\/\/wgphoto.pl\/t\/?p=17764","title":{"rendered":"Por\u00f3wnanie stylistyki"},"content":{"rendered":"\n<figure class=\"wp-block-image aligncenter size-full\"><img loading=\"lazy\" decoding=\"async\" width=\"1300\" height=\"862\" src=\"https:\/\/wgphoto.pl\/t\/wp-content\/uploads\/2025\/05\/0319-33.jpg\" alt=\"\" class=\"wp-image-17765\" srcset=\"https:\/\/wgphoto.pl\/t\/wp-content\/uploads\/2025\/05\/0319-33.jpg 1300w, https:\/\/wgphoto.pl\/t\/wp-content\/uploads\/2025\/05\/0319-33-300x199.jpg 300w, https:\/\/wgphoto.pl\/t\/wp-content\/uploads\/2025\/05\/0319-33-768x509.jpg 768w\" sizes=\"auto, (max-width: 1300px) 100vw, 1300px\" \/><\/figure>\n\n\n\n<div class=\"wp-block-group has-global-padding is-layout-constrained wp-block-group-is-layout-constrained\">\n<p>SU45-045 i ST44-1081 stoj\u0105 o zmierzchu (cho\u0107 mo\u017ce tego nie wida\u0107) na terenie lokomotytowni w Suwa\u0142kach. [09.07.2003]<\/p>\n<\/div>\n","protected":false},"excerpt":{"rendered":"<p>SU45-045 i ST44-1081 stoj\u0105 o zmierzchu (cho\u0107 mo\u017ce tego nie wida\u0107) na terenie lokomotytowni w Suwa\u0142kach. [09.07.2003]<\/p>\n","protected":false},"author":1,"featured_media":17765,"comment_status":"open","ping_status":"","sticky":false,"template":"","format":"standard","meta":{"footnotes":""},"categories":[62,2,149],"tags":[901,91,359,63,27,530,290,589,90],"class_list":["post-17764","post","type-post","status-publish","format-standard","has-post-thumbnail","hentry","category-analog","category-kolej","category-rok-2003","tag-2003-07-09","tag-blue-hour","tag-lokomotywownia","tag-pkp","tag-polska","tag-st44","tag-su45","tag-suwalki","tag-wieczorem"],"_links":{"self":[{"href":"https:\/\/wgphoto.pl\/t\/index.php?rest_route=\/wp\/v2\/posts\/17764","targetHints":{"allow":["GET"]}}],"collection":[{"href":"https:\/\/wgphoto.pl\/t\/index.php?rest_route=\/wp\/v2\/posts"}],"about":[{"href":"https:\/\/wgphoto.pl\/t\/index.php?rest_route=\/wp\/v2\/types\/post"}],"author":[{"embeddable":true,"href":"https:\/\/wgphoto.pl\/t\/index.php?rest_route=\/wp\/v2\/users\/1"}],"replies":[{"embeddable":true,"href":"https:\/\/wgphoto.pl\/t\/index.php?rest_route=%2Fwp%2Fv2%2Fcomments&post=17764"}],"version-history":[{"count":1,"href":"https:\/\/wgphoto.pl\/t\/index.php?rest_route=\/wp\/v2\/posts\/17764\/revisions"}],"predecessor-version":[{"id":17766,"href":"https:\/\/wgphoto.pl\/t\/index.php?rest_route=\/wp\/v2\/posts\/17764\/revisions\/17766"}],"wp:featuredmedia":[{"embeddable":true,"href":"https:\/\/wgphoto.pl\/t\/index.php?rest_route=\/wp\/v2\/media\/17765"}],"wp:attachment":[{"href":"https:\/\/wgphoto.pl\/t\/index.php?rest_route=%2Fwp%2Fv2%2Fmedia&parent=17764"}],"wp:term":[{"taxonomy":"category","embeddable":true,"href":"https:\/\/wgphoto.pl\/t\/index.php?rest_route=%2Fwp%2Fv2%2Fcategories&post=17764"},{"taxonomy":"post_tag","embeddable":true,"href":"https:\/\/wgphoto.pl\/t\/index.php?rest_route=%2Fwp%2Fv2%2Ftags&post=17764"}],"curies":[{"name":"wp","href":"https:\/\/api.w.org\/{rel}","templated":true}]}}