{"id":17773,"date":"2025-05-26T17:38:49","date_gmt":"2025-05-26T15:38:49","guid":{"rendered":"https:\/\/wgphoto.pl\/t\/?p=17773"},"modified":"2025-05-26T17:38:49","modified_gmt":"2025-05-26T15:38:49","slug":"skad-sie-biora-pasazerowie","status":"publish","type":"post","link":"https:\/\/wgphoto.pl\/t\/?p=17773","title":{"rendered":"Sk\u0105d si\u0119 bior\u0105 pasa\u017cerowie"},"content":{"rendered":"\n<figure class=\"wp-block-image aligncenter size-full\"><img loading=\"lazy\" decoding=\"async\" width=\"1300\" height=\"862\" src=\"https:\/\/wgphoto.pl\/t\/wp-content\/uploads\/2025\/05\/0413-27.jpg\" alt=\"\" class=\"wp-image-17774\" srcset=\"https:\/\/wgphoto.pl\/t\/wp-content\/uploads\/2025\/05\/0413-27.jpg 1300w, https:\/\/wgphoto.pl\/t\/wp-content\/uploads\/2025\/05\/0413-27-300x199.jpg 300w, https:\/\/wgphoto.pl\/t\/wp-content\/uploads\/2025\/05\/0413-27-768x509.jpg 768w\" sizes=\"auto, (max-width: 1300px) 100vw, 1300px\" \/><\/figure>\n\n\n\n<div class=\"wp-block-group has-global-padding is-layout-constrained wp-block-group-is-layout-constrained\">\n<p>SU45-006 z CM Bydgoszcz z poci\u0105giem osobowym 90222 z Chojnic do Bydgoszczy G\u0142. zatrzymuje si\u0119 w Wierzchucinie, gdzie perony przez kilka minut wzgl\u0119dem poprzedniego zdj\u0119cia nagle si\u0119 zape\u0142ni\u0142y. Wi\u0119kszo\u015b\u0107 tych ludzi przyjecha\u0142a stoj\u0105cym po lewej sk\u0142adem z Ko\u015bcierzyny, cz\u0119\u015b\u0107 z nich mo\u017ce tak\u017ce od strony Laskowic Pomorskich (nie pami\u0119tam, czy by\u0142o skomunikowanie z tego kierunku, ale obstawiam \u017ce tak, s\u0105dz\u0105c po innych zdj\u0119ciach, kt\u00f3re si\u0119 pewnie kiedy\u015b tutaj pojawi\u0105). [20.07.2004]<\/p>\n<\/div>\n","protected":false},"excerpt":{"rendered":"<p>SU45-006 z CM Bydgoszcz z poci\u0105giem osobowym 90222 z Chojnic do Bydgoszczy G\u0142. zatrzymuje si\u0119 w Wierzchucinie, gdzie perony przez kilka minut wzgl\u0119dem poprzedniego zdj\u0119cia nagle si\u0119 zape\u0142ni\u0142y. Wi\u0119kszo\u015b\u0107 tych ludzi przyjecha\u0142a stoj\u0105cym po lewej sk\u0142adem z Ko\u015bcierzyny, cz\u0119\u015b\u0107 z nich mo\u017ce tak\u017ce od strony Laskowic Pomorskich (nie pami\u0119tam, czy by\u0142o skomunikowanie z tego kierunku, [&hellip;]<\/p>\n","protected":false},"author":1,"featured_media":17774,"comment_status":"open","ping_status":"","sticky":false,"template":"","format":"standard","meta":{"footnotes":""},"categories":[62,2,61],"tags":[3896,151,24,63,27,176,290,793,1774],"class_list":["post-17773","post","type-post","status-publish","format-standard","has-post-thumbnail","hentry","category-analog","category-kolej","category-rok-2004","tag-2004-07-20","tag-ludzie","tag-perony","tag-pkp","tag-polska","tag-rano","tag-su45","tag-tab-pl431","tag-wierzchucin"],"_links":{"self":[{"href":"https:\/\/wgphoto.pl\/t\/index.php?rest_route=\/wp\/v2\/posts\/17773","targetHints":{"allow":["GET"]}}],"collection":[{"href":"https:\/\/wgphoto.pl\/t\/index.php?rest_route=\/wp\/v2\/posts"}],"about":[{"href":"https:\/\/wgphoto.pl\/t\/index.php?rest_route=\/wp\/v2\/types\/post"}],"author":[{"embeddable":true,"href":"https:\/\/wgphoto.pl\/t\/index.php?rest_route=\/wp\/v2\/users\/1"}],"replies":[{"embeddable":true,"href":"https:\/\/wgphoto.pl\/t\/index.php?rest_route=%2Fwp%2Fv2%2Fcomments&post=17773"}],"version-history":[{"count":1,"href":"https:\/\/wgphoto.pl\/t\/index.php?rest_route=\/wp\/v2\/posts\/17773\/revisions"}],"predecessor-version":[{"id":17775,"href":"https:\/\/wgphoto.pl\/t\/index.php?rest_route=\/wp\/v2\/posts\/17773\/revisions\/17775"}],"wp:featuredmedia":[{"embeddable":true,"href":"https:\/\/wgphoto.pl\/t\/index.php?rest_route=\/wp\/v2\/media\/17774"}],"wp:attachment":[{"href":"https:\/\/wgphoto.pl\/t\/index.php?rest_route=%2Fwp%2Fv2%2Fmedia&parent=17773"}],"wp:term":[{"taxonomy":"category","embeddable":true,"href":"https:\/\/wgphoto.pl\/t\/index.php?rest_route=%2Fwp%2Fv2%2Fcategories&post=17773"},{"taxonomy":"post_tag","embeddable":true,"href":"https:\/\/wgphoto.pl\/t\/index.php?rest_route=%2Fwp%2Fv2%2Ftags&post=17773"}],"curies":[{"name":"wp","href":"https:\/\/api.w.org\/{rel}","templated":true}]}}