{"id":17795,"date":"2025-05-28T18:43:35","date_gmt":"2025-05-28T16:43:35","guid":{"rendered":"https:\/\/wgphoto.pl\/t\/?p=17795"},"modified":"2025-05-28T18:43:35","modified_gmt":"2025-05-28T16:43:35","slug":"przedwczesna-jesien","status":"publish","type":"post","link":"https:\/\/wgphoto.pl\/t\/?p=17795","title":{"rendered":"Przedwczesna jesie\u0144"},"content":{"rendered":"\n<figure class=\"wp-block-image aligncenter size-full\"><img loading=\"lazy\" decoding=\"async\" width=\"1400\" height=\"927\" src=\"https:\/\/wgphoto.pl\/t\/wp-content\/uploads\/2025\/05\/IMGP6645.jpg\" alt=\"\" class=\"wp-image-17796\" srcset=\"https:\/\/wgphoto.pl\/t\/wp-content\/uploads\/2025\/05\/IMGP6645.jpg 1400w, https:\/\/wgphoto.pl\/t\/wp-content\/uploads\/2025\/05\/IMGP6645-300x199.jpg 300w, https:\/\/wgphoto.pl\/t\/wp-content\/uploads\/2025\/05\/IMGP6645-768x509.jpg 768w\" sizes=\"auto, (max-width: 1400px) 100vw, 1400px\" \/><\/figure>\n\n\n\n<div class=\"wp-block-group has-global-padding is-layout-constrained wp-block-group-is-layout-constrained\">\n<p>Variobahn 1204 przeje\u017cd\u017ca przez park przed przystankiem Luitpoldhain w Norymberdze. Jesie\u0144 dla miejscowych Variobahn\u00f3w nadesz\u0142a nieoczekiwanie. Ca\u0142\u0105 \u00f3semk\u0119 wagon\u00f3w odstawiono w 2025 roku, cho\u0107 maj\u0105 dopiero 16-18 lat (na zdj\u0119ciach mia\u0142y 10-12, a i tak wygl\u0105da\u0142y o wiele m\u0142odziej). To kolejne miasto, kt\u00f3re rezygnuje ze sztywnych w\u00f3zk\u00f3w i og\u00f3\u0142em nieudanej pono\u0107 konstrukcji. 22.10.2019<\/p>\n<\/div>\n","protected":false},"excerpt":{"rendered":"<p>Variobahn 1204 przeje\u017cd\u017ca przez park przed przystankiem Luitpoldhain w Norymberdze. Jesie\u0144 dla miejscowych Variobahn\u00f3w nadesz\u0142a nieoczekiwanie. Ca\u0142\u0105 \u00f3semk\u0119 wagon\u00f3w odstawiono w 2025 roku, cho\u0107 maj\u0105 dopiero 16-18 lat (na zdj\u0119ciach mia\u0142y 10-12, a i tak wygl\u0105da\u0142y o wiele m\u0142odziej). To kolejne miasto, kt\u00f3re rezygnuje ze sztywnych w\u00f3zk\u00f3w i og\u00f3\u0142em nieudanej pono\u0107 konstrukcji. 22.10.2019<\/p>\n","protected":false},"author":1,"featured_media":17796,"comment_status":"open","ping_status":"","sticky":false,"template":"","format":"standard","meta":{"footnotes":""},"categories":[136,3],"tags":[1302,126,23,1303,1304,726,575],"class_list":["post-17795","post","type-post","status-publish","format-standard","has-post-thumbnail","hentry","category-rok-2019","category-tramwaj","tag-2019-10-22","tag-jesien","tag-niemcy","tag-norymberga","tag-vag-nurnberg","tag-variobahn","tag-wakacje-2019"],"_links":{"self":[{"href":"https:\/\/wgphoto.pl\/t\/index.php?rest_route=\/wp\/v2\/posts\/17795","targetHints":{"allow":["GET"]}}],"collection":[{"href":"https:\/\/wgphoto.pl\/t\/index.php?rest_route=\/wp\/v2\/posts"}],"about":[{"href":"https:\/\/wgphoto.pl\/t\/index.php?rest_route=\/wp\/v2\/types\/post"}],"author":[{"embeddable":true,"href":"https:\/\/wgphoto.pl\/t\/index.php?rest_route=\/wp\/v2\/users\/1"}],"replies":[{"embeddable":true,"href":"https:\/\/wgphoto.pl\/t\/index.php?rest_route=%2Fwp%2Fv2%2Fcomments&post=17795"}],"version-history":[{"count":1,"href":"https:\/\/wgphoto.pl\/t\/index.php?rest_route=\/wp\/v2\/posts\/17795\/revisions"}],"predecessor-version":[{"id":17797,"href":"https:\/\/wgphoto.pl\/t\/index.php?rest_route=\/wp\/v2\/posts\/17795\/revisions\/17797"}],"wp:featuredmedia":[{"embeddable":true,"href":"https:\/\/wgphoto.pl\/t\/index.php?rest_route=\/wp\/v2\/media\/17796"}],"wp:attachment":[{"href":"https:\/\/wgphoto.pl\/t\/index.php?rest_route=%2Fwp%2Fv2%2Fmedia&parent=17795"}],"wp:term":[{"taxonomy":"category","embeddable":true,"href":"https:\/\/wgphoto.pl\/t\/index.php?rest_route=%2Fwp%2Fv2%2Fcategories&post=17795"},{"taxonomy":"post_tag","embeddable":true,"href":"https:\/\/wgphoto.pl\/t\/index.php?rest_route=%2Fwp%2Fv2%2Ftags&post=17795"}],"curies":[{"name":"wp","href":"https:\/\/api.w.org\/{rel}","templated":true}]}}