{"id":17798,"date":"2025-05-28T18:44:30","date_gmt":"2025-05-28T16:44:30","guid":{"rendered":"https:\/\/wgphoto.pl\/t\/?p=17798"},"modified":"2025-05-28T18:44:30","modified_gmt":"2025-05-28T16:44:30","slug":"nuda-panie","status":"publish","type":"post","link":"https:\/\/wgphoto.pl\/t\/?p=17798","title":{"rendered":"Nuda, panie"},"content":{"rendered":"\n<figure class=\"wp-block-image aligncenter size-full\"><img loading=\"lazy\" decoding=\"async\" width=\"1400\" height=\"927\" src=\"https:\/\/wgphoto.pl\/t\/wp-content\/uploads\/2025\/05\/IMGP6562.jpg\" alt=\"\" class=\"wp-image-17799\" srcset=\"https:\/\/wgphoto.pl\/t\/wp-content\/uploads\/2025\/05\/IMGP6562.jpg 1400w, https:\/\/wgphoto.pl\/t\/wp-content\/uploads\/2025\/05\/IMGP6562-300x199.jpg 300w, https:\/\/wgphoto.pl\/t\/wp-content\/uploads\/2025\/05\/IMGP6562-768x509.jpg 768w\" sizes=\"auto, (max-width: 1400px) 100vw, 1400px\" \/><\/figure>\n\n\n\n<div class=\"wp-block-group has-global-padding is-layout-constrained wp-block-group-is-layout-constrained\">\n<p>Norymberga, Johannisstra\u00dfe. Variobahn 1201 zaraz sko\u0144czy kurs na p\u0119tli przy Westfriedhof. Samo uj\u0119cie nie prezentuje zupe\u0142nie niczego ciekawego, ale skoro ju\u017c tam dotar\u0142em, to wypada\u0142o co\u015b zafoci\u0107 &#8211; no i si\u0119 foto przyda\u0142o ze wzgl\u0119du na pojazd. 22.10.2019<\/p>\n<\/div>\n","protected":false},"excerpt":{"rendered":"<p>Norymberga, Johannisstra\u00dfe. Variobahn 1201 zaraz sko\u0144czy kurs na p\u0119tli przy Westfriedhof. Samo uj\u0119cie nie prezentuje zupe\u0142nie niczego ciekawego, ale skoro ju\u017c tam dotar\u0142em, to wypada\u0142o co\u015b zafoci\u0107 &#8211; no i si\u0119 foto przyda\u0142o ze wzgl\u0119du na pojazd. 22.10.2019<\/p>\n","protected":false},"author":1,"featured_media":17799,"comment_status":"open","ping_status":"","sticky":false,"template":"","format":"standard","meta":{"footnotes":""},"categories":[136,3],"tags":[1302,23,1303,1304,726,575],"class_list":["post-17798","post","type-post","status-publish","format-standard","has-post-thumbnail","hentry","category-rok-2019","category-tramwaj","tag-2019-10-22","tag-niemcy","tag-norymberga","tag-vag-nurnberg","tag-variobahn","tag-wakacje-2019"],"_links":{"self":[{"href":"https:\/\/wgphoto.pl\/t\/index.php?rest_route=\/wp\/v2\/posts\/17798","targetHints":{"allow":["GET"]}}],"collection":[{"href":"https:\/\/wgphoto.pl\/t\/index.php?rest_route=\/wp\/v2\/posts"}],"about":[{"href":"https:\/\/wgphoto.pl\/t\/index.php?rest_route=\/wp\/v2\/types\/post"}],"author":[{"embeddable":true,"href":"https:\/\/wgphoto.pl\/t\/index.php?rest_route=\/wp\/v2\/users\/1"}],"replies":[{"embeddable":true,"href":"https:\/\/wgphoto.pl\/t\/index.php?rest_route=%2Fwp%2Fv2%2Fcomments&post=17798"}],"version-history":[{"count":1,"href":"https:\/\/wgphoto.pl\/t\/index.php?rest_route=\/wp\/v2\/posts\/17798\/revisions"}],"predecessor-version":[{"id":17800,"href":"https:\/\/wgphoto.pl\/t\/index.php?rest_route=\/wp\/v2\/posts\/17798\/revisions\/17800"}],"wp:featuredmedia":[{"embeddable":true,"href":"https:\/\/wgphoto.pl\/t\/index.php?rest_route=\/wp\/v2\/media\/17799"}],"wp:attachment":[{"href":"https:\/\/wgphoto.pl\/t\/index.php?rest_route=%2Fwp%2Fv2%2Fmedia&parent=17798"}],"wp:term":[{"taxonomy":"category","embeddable":true,"href":"https:\/\/wgphoto.pl\/t\/index.php?rest_route=%2Fwp%2Fv2%2Fcategories&post=17798"},{"taxonomy":"post_tag","embeddable":true,"href":"https:\/\/wgphoto.pl\/t\/index.php?rest_route=%2Fwp%2Fv2%2Ftags&post=17798"}],"curies":[{"name":"wp","href":"https:\/\/api.w.org\/{rel}","templated":true}]}}