{"id":17813,"date":"2025-05-29T17:52:44","date_gmt":"2025-05-29T15:52:44","guid":{"rendered":"https:\/\/wgphoto.pl\/t\/?p=17813"},"modified":"2025-05-29T17:52:44","modified_gmt":"2025-05-29T15:52:44","slug":"semafor-tramvai","status":"publish","type":"post","link":"https:\/\/wgphoto.pl\/t\/?p=17813","title":{"rendered":"Semafor tramvai"},"content":{"rendered":"\n<figure class=\"wp-block-image aligncenter size-full\"><img loading=\"lazy\" decoding=\"async\" width=\"1200\" height=\"795\" src=\"https:\/\/wgphoto.pl\/t\/wp-content\/uploads\/2025\/05\/IMGP2253.jpg\" alt=\"\" class=\"wp-image-17814\" srcset=\"https:\/\/wgphoto.pl\/t\/wp-content\/uploads\/2025\/05\/IMGP2253.jpg 1200w, https:\/\/wgphoto.pl\/t\/wp-content\/uploads\/2025\/05\/IMGP2253-300x199.jpg 300w, https:\/\/wgphoto.pl\/t\/wp-content\/uploads\/2025\/05\/IMGP2253-768x509.jpg 768w\" sizes=\"auto, (max-width: 1200px) 100vw, 1200px\" \/><\/figure>\n\n\n\n<div class=\"wp-block-group has-global-padding is-layout-constrained wp-block-group-is-layout-constrained\">\n<p>Prosty ten rumu\u0144ski, nic nie trzeba t\u0142umaczy\u0107. \ud83d\ude09 20.08.2015<\/p>\n<\/div>\n","protected":false},"excerpt":{"rendered":"<p>Prosty ten rumu\u0144ski, nic nie trzeba t\u0142umaczy\u0107. \ud83d\ude09 20.08.2015<\/p>\n","protected":false},"author":1,"featured_media":17814,"comment_status":"open","ping_status":"","sticky":false,"template":"","format":"standard","meta":{"footnotes":""},"categories":[220,104,3],"tags":[1301,13,230,574,1176,107],"class_list":["post-17813","post","type-post","status-publish","format-standard","has-post-thumbnail","hentry","category-blo","category-rok-2015","category-tramwaj","tag-2015-08-20","tag-deszcz","tag-infrastruktura","tag-rumunia","tag-timisoara","tag-wakacje-2015"],"_links":{"self":[{"href":"https:\/\/wgphoto.pl\/t\/index.php?rest_route=\/wp\/v2\/posts\/17813","targetHints":{"allow":["GET"]}}],"collection":[{"href":"https:\/\/wgphoto.pl\/t\/index.php?rest_route=\/wp\/v2\/posts"}],"about":[{"href":"https:\/\/wgphoto.pl\/t\/index.php?rest_route=\/wp\/v2\/types\/post"}],"author":[{"embeddable":true,"href":"https:\/\/wgphoto.pl\/t\/index.php?rest_route=\/wp\/v2\/users\/1"}],"replies":[{"embeddable":true,"href":"https:\/\/wgphoto.pl\/t\/index.php?rest_route=%2Fwp%2Fv2%2Fcomments&post=17813"}],"version-history":[{"count":1,"href":"https:\/\/wgphoto.pl\/t\/index.php?rest_route=\/wp\/v2\/posts\/17813\/revisions"}],"predecessor-version":[{"id":17815,"href":"https:\/\/wgphoto.pl\/t\/index.php?rest_route=\/wp\/v2\/posts\/17813\/revisions\/17815"}],"wp:featuredmedia":[{"embeddable":true,"href":"https:\/\/wgphoto.pl\/t\/index.php?rest_route=\/wp\/v2\/media\/17814"}],"wp:attachment":[{"href":"https:\/\/wgphoto.pl\/t\/index.php?rest_route=%2Fwp%2Fv2%2Fmedia&parent=17813"}],"wp:term":[{"taxonomy":"category","embeddable":true,"href":"https:\/\/wgphoto.pl\/t\/index.php?rest_route=%2Fwp%2Fv2%2Fcategories&post=17813"},{"taxonomy":"post_tag","embeddable":true,"href":"https:\/\/wgphoto.pl\/t\/index.php?rest_route=%2Fwp%2Fv2%2Ftags&post=17813"}],"curies":[{"name":"wp","href":"https:\/\/api.w.org\/{rel}","templated":true}]}}