{"id":17816,"date":"2025-05-29T17:55:00","date_gmt":"2025-05-29T15:55:00","guid":{"rendered":"https:\/\/wgphoto.pl\/t\/?p=17816"},"modified":"2025-05-29T17:55:00","modified_gmt":"2025-05-29T15:55:00","slug":"854-023-9-velke-svatonovice","status":"publish","type":"post","link":"https:\/\/wgphoto.pl\/t\/?p=17816","title":{"rendered":"854 023-9, Velk\u00e9 Svato\u0148ovice"},"content":{"rendered":"\n<figure class=\"wp-block-image aligncenter size-full\"><img loading=\"lazy\" decoding=\"async\" width=\"1400\" height=\"937\" src=\"https:\/\/wgphoto.pl\/t\/wp-content\/uploads\/2025\/05\/IMGP9961.jpg\" alt=\"\" class=\"wp-image-17817\" srcset=\"https:\/\/wgphoto.pl\/t\/wp-content\/uploads\/2025\/05\/IMGP9961.jpg 1400w, https:\/\/wgphoto.pl\/t\/wp-content\/uploads\/2025\/05\/IMGP9961-300x201.jpg 300w, https:\/\/wgphoto.pl\/t\/wp-content\/uploads\/2025\/05\/IMGP9961-768x514.jpg 768w\" sizes=\"auto, (max-width: 1400px) 100vw, 1400px\" \/><\/figure>\n\n\n\n<div class=\"wp-block-group has-global-padding is-layout-constrained wp-block-group-is-layout-constrained\">\n<p>Poci\u0105g osobowy 15408 relacji Jarom\u011b\u0159 &#8211; Trutnov hl.n. rusza z przystanku Velk\u00e9 Svato\u0148ovice. 13.10.2012<\/p>\n<\/div>\n","protected":false},"excerpt":{"rendered":"<p>Poci\u0105g osobowy 15408 relacji Jarom\u011b\u0159 &#8211; Trutnov hl.n. rusza z przystanku Velk\u00e9 Svato\u0148ovice. 13.10.2012<\/p>\n","protected":false},"author":1,"featured_media":17817,"comment_status":"open","ping_status":"","sticky":false,"template":"","format":"standard","meta":{"footnotes":""},"categories":[2,46],"tags":[1870,552,50,49,126,1917,3655],"class_list":["post-17816","post","type-post","status-publish","format-standard","has-post-thumbnail","hentry","category-kolej","category-rok-2012","tag-2012-10-13","tag-552","tag-cd","tag-czechy","tag-jesien","tag-tab-cz032","tag-velke-svatonovice"],"_links":{"self":[{"href":"https:\/\/wgphoto.pl\/t\/index.php?rest_route=\/wp\/v2\/posts\/17816","targetHints":{"allow":["GET"]}}],"collection":[{"href":"https:\/\/wgphoto.pl\/t\/index.php?rest_route=\/wp\/v2\/posts"}],"about":[{"href":"https:\/\/wgphoto.pl\/t\/index.php?rest_route=\/wp\/v2\/types\/post"}],"author":[{"embeddable":true,"href":"https:\/\/wgphoto.pl\/t\/index.php?rest_route=\/wp\/v2\/users\/1"}],"replies":[{"embeddable":true,"href":"https:\/\/wgphoto.pl\/t\/index.php?rest_route=%2Fwp%2Fv2%2Fcomments&post=17816"}],"version-history":[{"count":1,"href":"https:\/\/wgphoto.pl\/t\/index.php?rest_route=\/wp\/v2\/posts\/17816\/revisions"}],"predecessor-version":[{"id":17818,"href":"https:\/\/wgphoto.pl\/t\/index.php?rest_route=\/wp\/v2\/posts\/17816\/revisions\/17818"}],"wp:featuredmedia":[{"embeddable":true,"href":"https:\/\/wgphoto.pl\/t\/index.php?rest_route=\/wp\/v2\/media\/17817"}],"wp:attachment":[{"href":"https:\/\/wgphoto.pl\/t\/index.php?rest_route=%2Fwp%2Fv2%2Fmedia&parent=17816"}],"wp:term":[{"taxonomy":"category","embeddable":true,"href":"https:\/\/wgphoto.pl\/t\/index.php?rest_route=%2Fwp%2Fv2%2Fcategories&post=17816"},{"taxonomy":"post_tag","embeddable":true,"href":"https:\/\/wgphoto.pl\/t\/index.php?rest_route=%2Fwp%2Fv2%2Ftags&post=17816"}],"curies":[{"name":"wp","href":"https:\/\/api.w.org\/{rel}","templated":true}]}}