{"id":17819,"date":"2025-05-29T17:56:38","date_gmt":"2025-05-29T15:56:38","guid":{"rendered":"https:\/\/wgphoto.pl\/t\/?p=17819"},"modified":"2025-05-29T17:56:38","modified_gmt":"2025-05-29T15:56:38","slug":"su46-034-w-krainie-granitu","status":"publish","type":"post","link":"https:\/\/wgphoto.pl\/t\/?p=17819","title":{"rendered":"SU46-034 w krainie granitu"},"content":{"rendered":"\n<figure class=\"wp-block-image aligncenter size-full\"><img loading=\"lazy\" decoding=\"async\" width=\"1300\" height=\"812\" src=\"https:\/\/wgphoto.pl\/t\/wp-content\/uploads\/2025\/05\/2002t-31.jpg\" alt=\"\" class=\"wp-image-17820\" srcset=\"https:\/\/wgphoto.pl\/t\/wp-content\/uploads\/2025\/05\/2002t-31.jpg 1300w, https:\/\/wgphoto.pl\/t\/wp-content\/uploads\/2025\/05\/2002t-31-300x187.jpg 300w, https:\/\/wgphoto.pl\/t\/wp-content\/uploads\/2025\/05\/2002t-31-768x480.jpg 768w\" sizes=\"auto, (max-width: 1300px) 100vw, 1300px\" \/><\/figure>\n\n\n\n<div class=\"wp-block-group has-global-padding is-layout-constrained wp-block-group-is-layout-constrained\">\n<p>SU46-034 z poci\u0105giem osobowym 6440 relacji Legnica &#8211; Katowice za kilka minut zatrzyma si\u0119 na stacji w Strzegomiu. W tle wida\u0107 fragment kamienio\u0142omu &#8211; z takich obiekt\u00f3w s\u0142ynie ca\u0142a okolica. 24.08.2002<\/p>\n<\/div>\n","protected":false},"excerpt":{"rendered":"<p>SU46-034 z poci\u0105giem osobowym 6440 relacji Legnica &#8211; Katowice za kilka minut zatrzyma si\u0119 na stacji w Strzegomiu. W tle wida\u0107 fragment kamienio\u0142omu &#8211; z takich obiekt\u00f3w s\u0142ynie ca\u0142a okolica. 24.08.2002<\/p>\n","protected":false},"author":1,"featured_media":17820,"comment_status":"open","ping_status":"","sticky":false,"template":"","format":"standard","meta":{"footnotes":""},"categories":[62,2,577],"tags":[763,1246,63,27,433,84,319],"class_list":["post-17819","post","type-post","status-publish","format-standard","has-post-thumbnail","hentry","category-analog","category-kolej","category-rok-2002","tag-2002-08-24","tag-goczalkow","tag-pkp","tag-polska","tag-strzegom","tag-su46","tag-tab-pl235"],"_links":{"self":[{"href":"https:\/\/wgphoto.pl\/t\/index.php?rest_route=\/wp\/v2\/posts\/17819","targetHints":{"allow":["GET"]}}],"collection":[{"href":"https:\/\/wgphoto.pl\/t\/index.php?rest_route=\/wp\/v2\/posts"}],"about":[{"href":"https:\/\/wgphoto.pl\/t\/index.php?rest_route=\/wp\/v2\/types\/post"}],"author":[{"embeddable":true,"href":"https:\/\/wgphoto.pl\/t\/index.php?rest_route=\/wp\/v2\/users\/1"}],"replies":[{"embeddable":true,"href":"https:\/\/wgphoto.pl\/t\/index.php?rest_route=%2Fwp%2Fv2%2Fcomments&post=17819"}],"version-history":[{"count":1,"href":"https:\/\/wgphoto.pl\/t\/index.php?rest_route=\/wp\/v2\/posts\/17819\/revisions"}],"predecessor-version":[{"id":17821,"href":"https:\/\/wgphoto.pl\/t\/index.php?rest_route=\/wp\/v2\/posts\/17819\/revisions\/17821"}],"wp:featuredmedia":[{"embeddable":true,"href":"https:\/\/wgphoto.pl\/t\/index.php?rest_route=\/wp\/v2\/media\/17820"}],"wp:attachment":[{"href":"https:\/\/wgphoto.pl\/t\/index.php?rest_route=%2Fwp%2Fv2%2Fmedia&parent=17819"}],"wp:term":[{"taxonomy":"category","embeddable":true,"href":"https:\/\/wgphoto.pl\/t\/index.php?rest_route=%2Fwp%2Fv2%2Fcategories&post=17819"},{"taxonomy":"post_tag","embeddable":true,"href":"https:\/\/wgphoto.pl\/t\/index.php?rest_route=%2Fwp%2Fv2%2Ftags&post=17819"}],"curies":[{"name":"wp","href":"https:\/\/api.w.org\/{rel}","templated":true}]}}