{"id":17822,"date":"2025-05-29T17:57:54","date_gmt":"2025-05-29T15:57:54","guid":{"rendered":"https:\/\/wgphoto.pl\/t\/?p=17822"},"modified":"2025-05-29T17:57:54","modified_gmt":"2025-05-29T15:57:54","slug":"pstrokacizna","status":"publish","type":"post","link":"https:\/\/wgphoto.pl\/t\/?p=17822","title":{"rendered":"Pstrokacizna"},"content":{"rendered":"\n<figure class=\"wp-block-image aligncenter size-full\"><img loading=\"lazy\" decoding=\"async\" width=\"1300\" height=\"867\" src=\"https:\/\/wgphoto.pl\/t\/wp-content\/uploads\/2025\/05\/DSCF7810.jpg\" alt=\"\" class=\"wp-image-17823\" srcset=\"https:\/\/wgphoto.pl\/t\/wp-content\/uploads\/2025\/05\/DSCF7810.jpg 1300w, https:\/\/wgphoto.pl\/t\/wp-content\/uploads\/2025\/05\/DSCF7810-300x200.jpg 300w, https:\/\/wgphoto.pl\/t\/wp-content\/uploads\/2025\/05\/DSCF7810-768x512.jpg 768w\" sizes=\"auto, (max-width: 1300px) 100vw, 1300px\" \/><\/figure>\n\n\n\n<div class=\"wp-block-group has-global-padding is-layout-constrained wp-block-group-is-layout-constrained\">\n<p>Wroc\u0142aw, ul. Kazimierza Wielkiego. 102Na 2052 obs\u0142uguje jedno z zada\u0144 \u0142\u0105czonych linii 2 i 10, st\u0105d te\u017c niecodzienny widok takiego wozu na tej linii. Stodw\u00f3jki na dziesi\u0105tce pojawia\u0142y si\u0119 bowiem rzadko, poniewa\u017c by\u0142a to (i jest do dzi\u015b) jedna z najbardziej obci\u0105\u017conych linii w mie\u015bcie. 2008-11-01<\/p>\n<\/div>\n","protected":false},"excerpt":{"rendered":"<p>Wroc\u0142aw, ul. Kazimierza Wielkiego. 102Na 2052 obs\u0142uguje jedno z zada\u0144 \u0142\u0105czonych linii 2 i 10, st\u0105d te\u017c niecodzienny widok takiego wozu na tej linii. Stodw\u00f3jki na dziesi\u0105tce pojawia\u0142y si\u0119 bowiem rzadko, poniewa\u017c by\u0142a to (i jest do dzi\u015b) jedna z najbardziej obci\u0105\u017conych linii w mie\u015bcie. 2008-11-01<\/p>\n","protected":false},"author":1,"featured_media":17823,"comment_status":"open","ping_status":"","sticky":false,"template":"","format":"standard","meta":{"footnotes":""},"categories":[120,3],"tags":[2691,309,42,27,41],"class_list":["post-17822","post","type-post","status-publish","format-standard","has-post-thumbnail","hentry","category-rok-2008","category-tramwaj","tag-2008-11-01","tag-konstal-102na","tag-mpk-wroclaw","tag-polska","tag-wroclaw"],"_links":{"self":[{"href":"https:\/\/wgphoto.pl\/t\/index.php?rest_route=\/wp\/v2\/posts\/17822","targetHints":{"allow":["GET"]}}],"collection":[{"href":"https:\/\/wgphoto.pl\/t\/index.php?rest_route=\/wp\/v2\/posts"}],"about":[{"href":"https:\/\/wgphoto.pl\/t\/index.php?rest_route=\/wp\/v2\/types\/post"}],"author":[{"embeddable":true,"href":"https:\/\/wgphoto.pl\/t\/index.php?rest_route=\/wp\/v2\/users\/1"}],"replies":[{"embeddable":true,"href":"https:\/\/wgphoto.pl\/t\/index.php?rest_route=%2Fwp%2Fv2%2Fcomments&post=17822"}],"version-history":[{"count":1,"href":"https:\/\/wgphoto.pl\/t\/index.php?rest_route=\/wp\/v2\/posts\/17822\/revisions"}],"predecessor-version":[{"id":17824,"href":"https:\/\/wgphoto.pl\/t\/index.php?rest_route=\/wp\/v2\/posts\/17822\/revisions\/17824"}],"wp:featuredmedia":[{"embeddable":true,"href":"https:\/\/wgphoto.pl\/t\/index.php?rest_route=\/wp\/v2\/media\/17823"}],"wp:attachment":[{"href":"https:\/\/wgphoto.pl\/t\/index.php?rest_route=%2Fwp%2Fv2%2Fmedia&parent=17822"}],"wp:term":[{"taxonomy":"category","embeddable":true,"href":"https:\/\/wgphoto.pl\/t\/index.php?rest_route=%2Fwp%2Fv2%2Fcategories&post=17822"},{"taxonomy":"post_tag","embeddable":true,"href":"https:\/\/wgphoto.pl\/t\/index.php?rest_route=%2Fwp%2Fv2%2Ftags&post=17822"}],"curies":[{"name":"wp","href":"https:\/\/api.w.org\/{rel}","templated":true}]}}