{"id":17825,"date":"2025-05-29T17:58:59","date_gmt":"2025-05-29T15:58:59","guid":{"rendered":"https:\/\/wgphoto.pl\/t\/?p=17825"},"modified":"2025-05-29T17:58:59","modified_gmt":"2025-05-29T15:58:59","slug":"tramwaj-nie-nadjechal","status":"publish","type":"post","link":"https:\/\/wgphoto.pl\/t\/?p=17825","title":{"rendered":"Tramwaj nie nadjecha\u0142"},"content":{"rendered":"\n<figure class=\"wp-block-image aligncenter size-full\"><img loading=\"lazy\" decoding=\"async\" width=\"1300\" height=\"862\" src=\"https:\/\/wgphoto.pl\/t\/wp-content\/uploads\/2025\/05\/0305-11.jpg\" alt=\"\" class=\"wp-image-17826\" srcset=\"https:\/\/wgphoto.pl\/t\/wp-content\/uploads\/2025\/05\/0305-11.jpg 1300w, https:\/\/wgphoto.pl\/t\/wp-content\/uploads\/2025\/05\/0305-11-300x199.jpg 300w, https:\/\/wgphoto.pl\/t\/wp-content\/uploads\/2025\/05\/0305-11-768x509.jpg 768w\" sizes=\"auto, (max-width: 1300px) 100vw, 1300px\" \/><\/figure>\n\n\n\n<div class=\"wp-block-group has-global-padding is-layout-constrained wp-block-group-is-layout-constrained\">\n<p>EU07-036 z CM Wroc\u0142aw z poci\u0105giem IR454\/60003 relacji Wroc\u0142aw G\u0142\u00f3wny &#8211; Dresden Hbf w chwil\u0119 po odje\u017adzie ze stacji pocz\u0105tkowej. Mia\u0142em odwa\u017cny plan aby z\u0142apa\u0107 poci\u0105g razem z tramwajem, lecz bez samochod\u00f3w. Zabrak\u0142o tego \u015brodkowego elementu i od tamtej pory ani razu nie spr\u00f3bowa\u0142em tego kadru powt\u00f3rzy\u0107. 2003-02-23<\/p>\n<\/div>\n","protected":false},"excerpt":{"rendered":"<p>EU07-036 z CM Wroc\u0142aw z poci\u0105giem IR454\/60003 relacji Wroc\u0142aw G\u0142\u00f3wny &#8211; Dresden Hbf w chwil\u0119 po odje\u017adzie ze stacji pocz\u0105tkowej. Mia\u0142em odwa\u017cny plan aby z\u0142apa\u0107 poci\u0105g razem z tramwajem, lecz bez samochod\u00f3w. Zabrak\u0142o tego \u015brodkowego elementu i od tamtej pory ani razu nie spr\u00f3bowa\u0142em tego kadru powt\u00f3rzy\u0107. 2003-02-23<\/p>\n","protected":false},"author":1,"featured_media":17826,"comment_status":"open","ping_status":"","sticky":false,"template":"","format":"standard","meta":{"footnotes":""},"categories":[62,2,149],"tags":[3900,122,45,63,1544,233,41,180],"class_list":["post-17825","post","type-post","status-publish","format-standard","has-post-thumbnail","hentry","category-analog","category-kolej","category-rok-2003","tag-2003-02-23","tag-eu07","tag-most","tag-pkp","tag-podg-grabiszyn","tag-tab-pl260","tag-wroclaw","tag-wroclaw-glowny"],"_links":{"self":[{"href":"https:\/\/wgphoto.pl\/t\/index.php?rest_route=\/wp\/v2\/posts\/17825","targetHints":{"allow":["GET"]}}],"collection":[{"href":"https:\/\/wgphoto.pl\/t\/index.php?rest_route=\/wp\/v2\/posts"}],"about":[{"href":"https:\/\/wgphoto.pl\/t\/index.php?rest_route=\/wp\/v2\/types\/post"}],"author":[{"embeddable":true,"href":"https:\/\/wgphoto.pl\/t\/index.php?rest_route=\/wp\/v2\/users\/1"}],"replies":[{"embeddable":true,"href":"https:\/\/wgphoto.pl\/t\/index.php?rest_route=%2Fwp%2Fv2%2Fcomments&post=17825"}],"version-history":[{"count":1,"href":"https:\/\/wgphoto.pl\/t\/index.php?rest_route=\/wp\/v2\/posts\/17825\/revisions"}],"predecessor-version":[{"id":17827,"href":"https:\/\/wgphoto.pl\/t\/index.php?rest_route=\/wp\/v2\/posts\/17825\/revisions\/17827"}],"wp:featuredmedia":[{"embeddable":true,"href":"https:\/\/wgphoto.pl\/t\/index.php?rest_route=\/wp\/v2\/media\/17826"}],"wp:attachment":[{"href":"https:\/\/wgphoto.pl\/t\/index.php?rest_route=%2Fwp%2Fv2%2Fmedia&parent=17825"}],"wp:term":[{"taxonomy":"category","embeddable":true,"href":"https:\/\/wgphoto.pl\/t\/index.php?rest_route=%2Fwp%2Fv2%2Fcategories&post=17825"},{"taxonomy":"post_tag","embeddable":true,"href":"https:\/\/wgphoto.pl\/t\/index.php?rest_route=%2Fwp%2Fv2%2Ftags&post=17825"}],"curies":[{"name":"wp","href":"https:\/\/api.w.org\/{rel}","templated":true}]}}