{"id":17828,"date":"2025-05-29T17:59:55","date_gmt":"2025-05-29T15:59:55","guid":{"rendered":"https:\/\/wgphoto.pl\/t\/?p=17828"},"modified":"2025-06-08T16:16:49","modified_gmt":"2025-06-08T14:16:49","slug":"kolorowych-snow","status":"publish","type":"post","link":"https:\/\/wgphoto.pl\/t\/?p=17828","title":{"rendered":"Kolorowych sn\u00f3w"},"content":{"rendered":"\n<figure class=\"wp-block-image aligncenter size-full\"><img loading=\"lazy\" decoding=\"async\" width=\"1300\" height=\"861\" src=\"https:\/\/wgphoto.pl\/t\/wp-content\/uploads\/2025\/05\/IMGP3441.jpg\" alt=\"\" class=\"wp-image-17829\" srcset=\"https:\/\/wgphoto.pl\/t\/wp-content\/uploads\/2025\/05\/IMGP3441.jpg 1300w, https:\/\/wgphoto.pl\/t\/wp-content\/uploads\/2025\/05\/IMGP3441-300x199.jpg 300w, https:\/\/wgphoto.pl\/t\/wp-content\/uploads\/2025\/05\/IMGP3441-768x509.jpg 768w\" sizes=\"auto, (max-width: 1300px) 100vw, 1300px\" \/><\/figure>\n\n\n\n<div class=\"wp-block-group has-global-padding is-layout-constrained wp-block-group-is-layout-constrained\">\n<p>Berlin, Friedrichstra\u00dfe. Poci\u0105g typu F92 (z ty\u0142u wagon 2977) odje\u017cd\u017ca w kierunku Alt-Tegel. W rzeczywisto\u015bci kafelki na peronie s\u0105 \u017c\u00f3\u0142te, ale taki efekt bardziej mi przypad\u0142 do gustu, poniewa\u017c uwypukla t\u0119czowe pod\u015bwietlenie sufitu. 15.09.2021<\/p>\n<\/div>\n","protected":false},"excerpt":{"rendered":"<p>Berlin, Friedrichstra\u00dfe. Poci\u0105g typu F92 (z ty\u0142u wagon 2977) odje\u017cd\u017ca w kierunku Alt-Tegel. W rzeczywisto\u015bci kafelki na peronie s\u0105 \u017c\u00f3\u0142te, ale taki efekt bardziej mi przypad\u0142 do gustu, poniewa\u017c uwypukla t\u0119czowe pod\u015bwietlenie sufitu. 15.09.2021<\/p>\n","protected":false},"author":1,"featured_media":17829,"comment_status":"open","ping_status":"","sticky":false,"template":"","format":"standard","meta":{"footnotes":""},"categories":[4,681],"tags":[2579,639,1628,2578,173,23,2202,2562,15,2565],"class_list":["post-17828","post","type-post","status-publish","format-standard","has-post-thumbnail","hentry","category-metro","category-rok-2021","tag-2021-09-15","tag-berlin","tag-bvg-berlin","tag-bvg-f","tag-koncowki","tag-niemcy","tag-niemieckie-wakacje-2021","tag-stacje-berlinskiego-metra","tag-tunel","tag-u-bahn-berlin"],"_links":{"self":[{"href":"https:\/\/wgphoto.pl\/t\/index.php?rest_route=\/wp\/v2\/posts\/17828","targetHints":{"allow":["GET"]}}],"collection":[{"href":"https:\/\/wgphoto.pl\/t\/index.php?rest_route=\/wp\/v2\/posts"}],"about":[{"href":"https:\/\/wgphoto.pl\/t\/index.php?rest_route=\/wp\/v2\/types\/post"}],"author":[{"embeddable":true,"href":"https:\/\/wgphoto.pl\/t\/index.php?rest_route=\/wp\/v2\/users\/1"}],"replies":[{"embeddable":true,"href":"https:\/\/wgphoto.pl\/t\/index.php?rest_route=%2Fwp%2Fv2%2Fcomments&post=17828"}],"version-history":[{"count":1,"href":"https:\/\/wgphoto.pl\/t\/index.php?rest_route=\/wp\/v2\/posts\/17828\/revisions"}],"predecessor-version":[{"id":17830,"href":"https:\/\/wgphoto.pl\/t\/index.php?rest_route=\/wp\/v2\/posts\/17828\/revisions\/17830"}],"wp:featuredmedia":[{"embeddable":true,"href":"https:\/\/wgphoto.pl\/t\/index.php?rest_route=\/wp\/v2\/media\/17829"}],"wp:attachment":[{"href":"https:\/\/wgphoto.pl\/t\/index.php?rest_route=%2Fwp%2Fv2%2Fmedia&parent=17828"}],"wp:term":[{"taxonomy":"category","embeddable":true,"href":"https:\/\/wgphoto.pl\/t\/index.php?rest_route=%2Fwp%2Fv2%2Fcategories&post=17828"},{"taxonomy":"post_tag","embeddable":true,"href":"https:\/\/wgphoto.pl\/t\/index.php?rest_route=%2Fwp%2Fv2%2Ftags&post=17828"}],"curies":[{"name":"wp","href":"https:\/\/api.w.org\/{rel}","templated":true}]}}