{"id":17831,"date":"2025-05-29T18:01:17","date_gmt":"2025-05-29T16:01:17","guid":{"rendered":"https:\/\/wgphoto.pl\/t\/?p=17831"},"modified":"2025-06-08T16:16:36","modified_gmt":"2025-06-08T14:16:36","slug":"nadal-rgb","status":"publish","type":"post","link":"https:\/\/wgphoto.pl\/t\/?p=17831","title":{"rendered":"Nadal RGB"},"content":{"rendered":"\n<figure class=\"wp-block-image aligncenter size-full\"><img loading=\"lazy\" decoding=\"async\" width=\"1300\" height=\"861\" src=\"https:\/\/wgphoto.pl\/t\/wp-content\/uploads\/2025\/05\/IMGP3449.jpg\" alt=\"\" class=\"wp-image-17832\" srcset=\"https:\/\/wgphoto.pl\/t\/wp-content\/uploads\/2025\/05\/IMGP3449.jpg 1300w, https:\/\/wgphoto.pl\/t\/wp-content\/uploads\/2025\/05\/IMGP3449-300x199.jpg 300w, https:\/\/wgphoto.pl\/t\/wp-content\/uploads\/2025\/05\/IMGP3449-768x509.jpg 768w\" sizes=\"auto, (max-width: 1300px) 100vw, 1300px\" \/><\/figure>\n\n\n\n<div class=\"wp-block-group has-global-padding is-layout-constrained wp-block-group-is-layout-constrained\">\n<p>Berlin, Friedrichstra\u00dfe. Poci\u0105g typu F90 (z przodu wagon 2879) zatrzymuje si\u0119 przy peronie. To foto przedstawia bardziej naturaln\u0105 kolorystyk\u0119 wzgl\u0119dem poprzedniego. 15.09.2021<\/p>\n<\/div>\n","protected":false},"excerpt":{"rendered":"<p>Berlin, Friedrichstra\u00dfe. Poci\u0105g typu F90 (z przodu wagon 2879) zatrzymuje si\u0119 przy peronie. To foto przedstawia bardziej naturaln\u0105 kolorystyk\u0119 wzgl\u0119dem poprzedniego. 15.09.2021<\/p>\n","protected":false},"author":1,"featured_media":17832,"comment_status":"open","ping_status":"","sticky":false,"template":"","format":"standard","meta":{"footnotes":""},"categories":[4,681],"tags":[2579,639,1628,2578,23,2202,2562,15,2565],"class_list":["post-17831","post","type-post","status-publish","format-standard","has-post-thumbnail","hentry","category-metro","category-rok-2021","tag-2021-09-15","tag-berlin","tag-bvg-berlin","tag-bvg-f","tag-niemcy","tag-niemieckie-wakacje-2021","tag-stacje-berlinskiego-metra","tag-tunel","tag-u-bahn-berlin"],"_links":{"self":[{"href":"https:\/\/wgphoto.pl\/t\/index.php?rest_route=\/wp\/v2\/posts\/17831","targetHints":{"allow":["GET"]}}],"collection":[{"href":"https:\/\/wgphoto.pl\/t\/index.php?rest_route=\/wp\/v2\/posts"}],"about":[{"href":"https:\/\/wgphoto.pl\/t\/index.php?rest_route=\/wp\/v2\/types\/post"}],"author":[{"embeddable":true,"href":"https:\/\/wgphoto.pl\/t\/index.php?rest_route=\/wp\/v2\/users\/1"}],"replies":[{"embeddable":true,"href":"https:\/\/wgphoto.pl\/t\/index.php?rest_route=%2Fwp%2Fv2%2Fcomments&post=17831"}],"version-history":[{"count":1,"href":"https:\/\/wgphoto.pl\/t\/index.php?rest_route=\/wp\/v2\/posts\/17831\/revisions"}],"predecessor-version":[{"id":17833,"href":"https:\/\/wgphoto.pl\/t\/index.php?rest_route=\/wp\/v2\/posts\/17831\/revisions\/17833"}],"wp:featuredmedia":[{"embeddable":true,"href":"https:\/\/wgphoto.pl\/t\/index.php?rest_route=\/wp\/v2\/media\/17832"}],"wp:attachment":[{"href":"https:\/\/wgphoto.pl\/t\/index.php?rest_route=%2Fwp%2Fv2%2Fmedia&parent=17831"}],"wp:term":[{"taxonomy":"category","embeddable":true,"href":"https:\/\/wgphoto.pl\/t\/index.php?rest_route=%2Fwp%2Fv2%2Fcategories&post=17831"},{"taxonomy":"post_tag","embeddable":true,"href":"https:\/\/wgphoto.pl\/t\/index.php?rest_route=%2Fwp%2Fv2%2Ftags&post=17831"}],"curies":[{"name":"wp","href":"https:\/\/api.w.org\/{rel}","templated":true}]}}