{"id":17834,"date":"2025-05-29T18:02:35","date_gmt":"2025-05-29T16:02:35","guid":{"rendered":"https:\/\/wgphoto.pl\/t\/?p=17834"},"modified":"2025-07-06T20:47:30","modified_gmt":"2025-07-06T18:47:30","slug":"rozsiadz-sie-wygodnie","status":"publish","type":"post","link":"https:\/\/wgphoto.pl\/t\/?p=17834","title":{"rendered":"Rozsi\u0105d\u017a si\u0119 wygodnie"},"content":{"rendered":"\n<figure class=\"wp-block-image aligncenter size-full\"><img loading=\"lazy\" decoding=\"async\" width=\"1300\" height=\"861\" src=\"https:\/\/wgphoto.pl\/t\/wp-content\/uploads\/2025\/05\/IMGP3355-1.jpg\" alt=\"\" class=\"wp-image-17836\" srcset=\"https:\/\/wgphoto.pl\/t\/wp-content\/uploads\/2025\/05\/IMGP3355-1.jpg 1300w, https:\/\/wgphoto.pl\/t\/wp-content\/uploads\/2025\/05\/IMGP3355-1-300x199.jpg 300w, https:\/\/wgphoto.pl\/t\/wp-content\/uploads\/2025\/05\/IMGP3355-1-768x509.jpg 768w\" sizes=\"auto, (max-width: 1300px) 100vw, 1300px\" \/><\/figure>\n\n\n\n<div class=\"wp-block-group has-global-padding is-layout-constrained wp-block-group-is-layout-constrained\">\n<p>Wn\u0119trze Tatry KTNF6 28 z widokiem na trzeci cz\u0142on, p\u0119tla Alt R\u00fcdersdorf. Rozsi\u0105d\u017a si\u0119 wygodnie, przed tob\u0105 p\u00f3\u0142 godziny jazdy na drugi koniec trasy linii 88. Nast\u0119pnie kilka minut na przesiadk\u0119 na S-bahn i za kolejne p\u00f3\u0142 godziny b\u0119dziesz ju\u017c w centrum Berlina. W chwili wykonania zdj\u0119cia mija\u0142y 24 lata od modernizacji. W mi\u0119dzyczasie tramwaj zmieni\u0142 w\u0142a\u015bciciela (do 2011 roku je\u017adzi\u0142 po niedalekim Chociebu\u017cu), wymieniono zapewne obicia foteli, a pod\u0142oga i \u015bciany nieco si\u0119 zestarza\u0142y. Uwag\u0119 zwracaj\u0105 r\u00f3wnie\u017c piasecznice na ostatnim w\u00f3zku, w Polsce wci\u0105\u017c rzadko spotykane. 15.09.2021<\/p>\n<\/div>\n","protected":false},"excerpt":{"rendered":"<p>Wn\u0119trze Tatry KTNF6 28 z widokiem na trzeci cz\u0142on, p\u0119tla Alt R\u00fcdersdorf. Rozsi\u0105d\u017a si\u0119 wygodnie, przed tob\u0105 p\u00f3\u0142 godziny jazdy na drugi koniec trasy linii 88. Nast\u0119pnie kilka minut na przesiadk\u0119 na S-bahn i za kolejne p\u00f3\u0142 godziny b\u0119dziesz ju\u017c w centrum Berlina. W chwili wykonania zdj\u0119cia mija\u0142y 24 lata od modernizacji. W mi\u0119dzyczasie tramwaj [&hellip;]<\/p>\n","protected":false},"author":1,"featured_media":17836,"comment_status":"open","ping_status":"","sticky":false,"template":"","format":"standard","meta":{"footnotes":""},"categories":[220,681,3],"tags":[2579,639,23,2202,3294,2820,2240,561],"class_list":["post-17834","post","type-post","status-publish","format-standard","has-post-thumbnail","hentry","category-blo","category-rok-2021","category-tramwaj","tag-2021-09-15","tag-berlin","tag-niemcy","tag-niemieckie-wakacje-2021","tag-rudersdorf-bei-berlin","tag-srs-schoneiche","tag-tatra-ktnf","tag-tramwaj-podmiejski"],"_links":{"self":[{"href":"https:\/\/wgphoto.pl\/t\/index.php?rest_route=\/wp\/v2\/posts\/17834","targetHints":{"allow":["GET"]}}],"collection":[{"href":"https:\/\/wgphoto.pl\/t\/index.php?rest_route=\/wp\/v2\/posts"}],"about":[{"href":"https:\/\/wgphoto.pl\/t\/index.php?rest_route=\/wp\/v2\/types\/post"}],"author":[{"embeddable":true,"href":"https:\/\/wgphoto.pl\/t\/index.php?rest_route=\/wp\/v2\/users\/1"}],"replies":[{"embeddable":true,"href":"https:\/\/wgphoto.pl\/t\/index.php?rest_route=%2Fwp%2Fv2%2Fcomments&post=17834"}],"version-history":[{"count":1,"href":"https:\/\/wgphoto.pl\/t\/index.php?rest_route=\/wp\/v2\/posts\/17834\/revisions"}],"predecessor-version":[{"id":17837,"href":"https:\/\/wgphoto.pl\/t\/index.php?rest_route=\/wp\/v2\/posts\/17834\/revisions\/17837"}],"wp:featuredmedia":[{"embeddable":true,"href":"https:\/\/wgphoto.pl\/t\/index.php?rest_route=\/wp\/v2\/media\/17836"}],"wp:attachment":[{"href":"https:\/\/wgphoto.pl\/t\/index.php?rest_route=%2Fwp%2Fv2%2Fmedia&parent=17834"}],"wp:term":[{"taxonomy":"category","embeddable":true,"href":"https:\/\/wgphoto.pl\/t\/index.php?rest_route=%2Fwp%2Fv2%2Fcategories&post=17834"},{"taxonomy":"post_tag","embeddable":true,"href":"https:\/\/wgphoto.pl\/t\/index.php?rest_route=%2Fwp%2Fv2%2Ftags&post=17834"}],"curies":[{"name":"wp","href":"https:\/\/api.w.org\/{rel}","templated":true}]}}