{"id":17838,"date":"2025-05-29T18:03:31","date_gmt":"2025-05-29T16:03:31","guid":{"rendered":"https:\/\/wgphoto.pl\/t\/?p=17838"},"modified":"2025-07-06T20:47:10","modified_gmt":"2025-07-06T18:47:10","slug":"mijanka-marktplatz","status":"publish","type":"post","link":"https:\/\/wgphoto.pl\/t\/?p=17838","title":{"rendered":"Mijanka Marktplatz"},"content":{"rendered":"\n<figure class=\"wp-block-image aligncenter size-full\"><img loading=\"lazy\" decoding=\"async\" width=\"1300\" height=\"861\" src=\"https:\/\/wgphoto.pl\/t\/wp-content\/uploads\/2025\/05\/IMGP1395-1.jpg\" alt=\"\" class=\"wp-image-17839\" srcset=\"https:\/\/wgphoto.pl\/t\/wp-content\/uploads\/2025\/05\/IMGP1395-1.jpg 1300w, https:\/\/wgphoto.pl\/t\/wp-content\/uploads\/2025\/05\/IMGP1395-1-300x199.jpg 300w, https:\/\/wgphoto.pl\/t\/wp-content\/uploads\/2025\/05\/IMGP1395-1-768x509.jpg 768w\" sizes=\"auto, (max-width: 1300px) 100vw, 1300px\" \/><\/figure>\n\n\n\n<div class=\"wp-block-group has-global-padding is-layout-constrained wp-block-group-is-layout-constrained\">\n<p>R\u00fcdersdorf, Stra\u00dfe der Jugend, przystanek Marktplatz. Jak co 20 minut na ostatniej mijance przed p\u0119tl\u0105 Alt R\u00fcdersdorf spotka\u0142y si\u0119 tramwaje linii 88. Trafi\u0142y mi si\u0119 akurat dwie Tatry KTNF6: nr 27 i (w g\u0142\u0119bi) 28. 15.09.2021<\/p>\n<\/div>\n","protected":false},"excerpt":{"rendered":"<p>R\u00fcdersdorf, Stra\u00dfe der Jugend, przystanek Marktplatz. Jak co 20 minut na ostatniej mijance przed p\u0119tl\u0105 Alt R\u00fcdersdorf spotka\u0142y si\u0119 tramwaje linii 88. Trafi\u0142y mi si\u0119 akurat dwie Tatry KTNF6: nr 27 i (w g\u0142\u0119bi) 28. 15.09.2021<\/p>\n","protected":false},"author":1,"featured_media":17839,"comment_status":"open","ping_status":"","sticky":false,"template":"","format":"standard","meta":{"footnotes":""},"categories":[681,3],"tags":[2579,639,13,389,23,2202,3294,2820,2240,561],"class_list":["post-17838","post","type-post","status-publish","format-standard","has-post-thumbnail","hentry","category-rok-2021","category-tramwaj","tag-2021-09-15","tag-berlin","tag-deszcz","tag-mijanka","tag-niemcy","tag-niemieckie-wakacje-2021","tag-rudersdorf-bei-berlin","tag-srs-schoneiche","tag-tatra-ktnf","tag-tramwaj-podmiejski"],"_links":{"self":[{"href":"https:\/\/wgphoto.pl\/t\/index.php?rest_route=\/wp\/v2\/posts\/17838","targetHints":{"allow":["GET"]}}],"collection":[{"href":"https:\/\/wgphoto.pl\/t\/index.php?rest_route=\/wp\/v2\/posts"}],"about":[{"href":"https:\/\/wgphoto.pl\/t\/index.php?rest_route=\/wp\/v2\/types\/post"}],"author":[{"embeddable":true,"href":"https:\/\/wgphoto.pl\/t\/index.php?rest_route=\/wp\/v2\/users\/1"}],"replies":[{"embeddable":true,"href":"https:\/\/wgphoto.pl\/t\/index.php?rest_route=%2Fwp%2Fv2%2Fcomments&post=17838"}],"version-history":[{"count":1,"href":"https:\/\/wgphoto.pl\/t\/index.php?rest_route=\/wp\/v2\/posts\/17838\/revisions"}],"predecessor-version":[{"id":17840,"href":"https:\/\/wgphoto.pl\/t\/index.php?rest_route=\/wp\/v2\/posts\/17838\/revisions\/17840"}],"wp:featuredmedia":[{"embeddable":true,"href":"https:\/\/wgphoto.pl\/t\/index.php?rest_route=\/wp\/v2\/media\/17839"}],"wp:attachment":[{"href":"https:\/\/wgphoto.pl\/t\/index.php?rest_route=%2Fwp%2Fv2%2Fmedia&parent=17838"}],"wp:term":[{"taxonomy":"category","embeddable":true,"href":"https:\/\/wgphoto.pl\/t\/index.php?rest_route=%2Fwp%2Fv2%2Fcategories&post=17838"},{"taxonomy":"post_tag","embeddable":true,"href":"https:\/\/wgphoto.pl\/t\/index.php?rest_route=%2Fwp%2Fv2%2Ftags&post=17838"}],"curies":[{"name":"wp","href":"https:\/\/api.w.org\/{rel}","templated":true}]}}