{"id":17841,"date":"2025-05-29T18:07:07","date_gmt":"2025-05-29T16:07:07","guid":{"rendered":"https:\/\/wgphoto.pl\/t\/?p=17841"},"modified":"2025-06-07T21:48:31","modified_gmt":"2025-06-07T19:48:31","slug":"ksztaltowy-bialystok","status":"publish","type":"post","link":"https:\/\/wgphoto.pl\/t\/?p=17841","title":{"rendered":"Kszta\u0142towy Bia\u0142ystok"},"content":{"rendered":"\n<figure class=\"wp-block-image aligncenter size-full\"><img loading=\"lazy\" decoding=\"async\" width=\"750\" height=\"1000\" src=\"https:\/\/wgphoto.pl\/t\/wp-content\/uploads\/2025\/05\/0509-07.jpg\" alt=\"\" class=\"wp-image-17842\" srcset=\"https:\/\/wgphoto.pl\/t\/wp-content\/uploads\/2025\/05\/0509-07.jpg 750w, https:\/\/wgphoto.pl\/t\/wp-content\/uploads\/2025\/05\/0509-07-225x300.jpg 225w\" sizes=\"auto, (max-width: 750px) 100vw, 750px\" \/><\/figure>\n\n\n\n<div class=\"wp-block-group has-global-padding is-layout-constrained wp-block-group-is-layout-constrained\">\n<p>EU07-393 i SU45-231 (obie z CM Bia\u0142ystok) z porannym poci\u0105giem osobowym 79821 do Suwa\u0142k na par\u0119 minut przed odjazdem z Bia\u0142egostoku. 2005-05-02<\/p>\n<\/div>\n","protected":false},"excerpt":{"rendered":"<p>EU07-393 i SU45-231 (obie z CM Bia\u0142ystok) z porannym poci\u0105giem osobowym 79821 do Suwa\u0142k na par\u0119 minut przed odjazdem z Bia\u0142egostoku. 2005-05-02<\/p>\n","protected":false},"author":1,"featured_media":17842,"comment_status":"open","ping_status":"","sticky":false,"template":"","format":"standard","meta":{"footnotes":""},"categories":[62,2,128,311],"tags":[591,283,1849,122,645,63,27,176,53,643],"class_list":["post-17841","post","type-post","status-publish","format-standard","has-post-thumbnail","hentry","category-analog","category-kolej","category-pionowe","category-rok-2005","tag-2005-05-02","tag-bdhpmnu","tag-bialystok","tag-eu07","tag-majowka-2005-2","tag-pkp","tag-polska","tag-rano","tag-sygnalizacja-ksztaltowa","tag-tab-pl530"],"_links":{"self":[{"href":"https:\/\/wgphoto.pl\/t\/index.php?rest_route=\/wp\/v2\/posts\/17841","targetHints":{"allow":["GET"]}}],"collection":[{"href":"https:\/\/wgphoto.pl\/t\/index.php?rest_route=\/wp\/v2\/posts"}],"about":[{"href":"https:\/\/wgphoto.pl\/t\/index.php?rest_route=\/wp\/v2\/types\/post"}],"author":[{"embeddable":true,"href":"https:\/\/wgphoto.pl\/t\/index.php?rest_route=\/wp\/v2\/users\/1"}],"replies":[{"embeddable":true,"href":"https:\/\/wgphoto.pl\/t\/index.php?rest_route=%2Fwp%2Fv2%2Fcomments&post=17841"}],"version-history":[{"count":1,"href":"https:\/\/wgphoto.pl\/t\/index.php?rest_route=\/wp\/v2\/posts\/17841\/revisions"}],"predecessor-version":[{"id":17843,"href":"https:\/\/wgphoto.pl\/t\/index.php?rest_route=\/wp\/v2\/posts\/17841\/revisions\/17843"}],"wp:featuredmedia":[{"embeddable":true,"href":"https:\/\/wgphoto.pl\/t\/index.php?rest_route=\/wp\/v2\/media\/17842"}],"wp:attachment":[{"href":"https:\/\/wgphoto.pl\/t\/index.php?rest_route=%2Fwp%2Fv2%2Fmedia&parent=17841"}],"wp:term":[{"taxonomy":"category","embeddable":true,"href":"https:\/\/wgphoto.pl\/t\/index.php?rest_route=%2Fwp%2Fv2%2Fcategories&post=17841"},{"taxonomy":"post_tag","embeddable":true,"href":"https:\/\/wgphoto.pl\/t\/index.php?rest_route=%2Fwp%2Fv2%2Ftags&post=17841"}],"curies":[{"name":"wp","href":"https:\/\/api.w.org\/{rel}","templated":true}]}}