{"id":17847,"date":"2025-05-29T18:08:50","date_gmt":"2025-05-29T16:08:50","guid":{"rendered":"https:\/\/wgphoto.pl\/t\/?p=17847"},"modified":"2025-05-29T18:25:50","modified_gmt":"2025-05-29T16:25:50","slug":"skomunikowanie-w-sokolce","status":"publish","type":"post","link":"https:\/\/wgphoto.pl\/t\/?p=17847","title":{"rendered":"Skomunikowanie w Sok\u00f3\u0142ce"},"content":{"rendered":"\n<figure class=\"wp-block-image aligncenter size-full\"><img loading=\"lazy\" decoding=\"async\" width=\"1300\" height=\"862\" src=\"https:\/\/wgphoto.pl\/t\/wp-content\/uploads\/2025\/05\/0509-11.jpg\" alt=\"\" class=\"wp-image-17848\" srcset=\"https:\/\/wgphoto.pl\/t\/wp-content\/uploads\/2025\/05\/0509-11.jpg 1300w, https:\/\/wgphoto.pl\/t\/wp-content\/uploads\/2025\/05\/0509-11-300x199.jpg 300w, https:\/\/wgphoto.pl\/t\/wp-content\/uploads\/2025\/05\/0509-11-768x509.jpg 768w\" sizes=\"auto, (max-width: 1300px) 100vw, 1300px\" \/><\/figure>\n\n\n\n<div class=\"wp-block-group has-global-padding is-layout-constrained wp-block-group-is-layout-constrained\">\n<p>Sok\u00f3\u0142ka w \u015bwietle wschodz\u0105cego s\u0142o\u0144ca. EN57-1529 odjedzie jako kurs 77647 do Ku\u017anicy Bia\u0142ostockiej, a SU45-231 po odpi\u0119ciu si\u00f3demki poprowadzi osob\u00f3wk\u0119 79821 z Bia\u0142egostoku do Suwa\u0142k. 2005-05-02<\/p>\n<\/div>\n","protected":false},"excerpt":{"rendered":"<p>Sok\u00f3\u0142ka w \u015bwietle wschodz\u0105cego s\u0142o\u0144ca. EN57-1529 odjedzie jako kurs 77647 do Ku\u017anicy Bia\u0142ostockiej, a SU45-231 po odpi\u0119ciu si\u00f3demki poprowadzi osob\u00f3wk\u0119 79821 z Bia\u0142egostoku do Suwa\u0142k. 2005-05-02<\/p>\n","protected":false},"author":1,"featured_media":17848,"comment_status":"open","ping_status":"","sticky":false,"template":"","format":"standard","meta":{"footnotes":""},"categories":[62,2,311],"tags":[591,132,645,63,27,176,3824,290,643],"class_list":["post-17847","post","type-post","status-publish","format-standard","has-post-thumbnail","hentry","category-analog","category-kolej","category-rok-2005","tag-2005-05-02","tag-en57","tag-majowka-2005-2","tag-pkp","tag-polska","tag-rano","tag-sokolka","tag-su45","tag-tab-pl530"],"_links":{"self":[{"href":"https:\/\/wgphoto.pl\/t\/index.php?rest_route=\/wp\/v2\/posts\/17847","targetHints":{"allow":["GET"]}}],"collection":[{"href":"https:\/\/wgphoto.pl\/t\/index.php?rest_route=\/wp\/v2\/posts"}],"about":[{"href":"https:\/\/wgphoto.pl\/t\/index.php?rest_route=\/wp\/v2\/types\/post"}],"author":[{"embeddable":true,"href":"https:\/\/wgphoto.pl\/t\/index.php?rest_route=\/wp\/v2\/users\/1"}],"replies":[{"embeddable":true,"href":"https:\/\/wgphoto.pl\/t\/index.php?rest_route=%2Fwp%2Fv2%2Fcomments&post=17847"}],"version-history":[{"count":1,"href":"https:\/\/wgphoto.pl\/t\/index.php?rest_route=\/wp\/v2\/posts\/17847\/revisions"}],"predecessor-version":[{"id":17849,"href":"https:\/\/wgphoto.pl\/t\/index.php?rest_route=\/wp\/v2\/posts\/17847\/revisions\/17849"}],"wp:featuredmedia":[{"embeddable":true,"href":"https:\/\/wgphoto.pl\/t\/index.php?rest_route=\/wp\/v2\/media\/17848"}],"wp:attachment":[{"href":"https:\/\/wgphoto.pl\/t\/index.php?rest_route=%2Fwp%2Fv2%2Fmedia&parent=17847"}],"wp:term":[{"taxonomy":"category","embeddable":true,"href":"https:\/\/wgphoto.pl\/t\/index.php?rest_route=%2Fwp%2Fv2%2Fcategories&post=17847"},{"taxonomy":"post_tag","embeddable":true,"href":"https:\/\/wgphoto.pl\/t\/index.php?rest_route=%2Fwp%2Fv2%2Ftags&post=17847"}],"curies":[{"name":"wp","href":"https:\/\/api.w.org\/{rel}","templated":true}]}}