{"id":17850,"date":"2025-05-29T18:09:43","date_gmt":"2025-05-29T16:09:43","guid":{"rendered":"https:\/\/wgphoto.pl\/t\/?p=17850"},"modified":"2025-05-29T18:26:01","modified_gmt":"2025-05-29T16:26:01","slug":"na-glanc","status":"publish","type":"post","link":"https:\/\/wgphoto.pl\/t\/?p=17850","title":{"rendered":"Na glanc"},"content":{"rendered":"\n<figure class=\"wp-block-image aligncenter size-full\"><img loading=\"lazy\" decoding=\"async\" width=\"1300\" height=\"862\" src=\"https:\/\/wgphoto.pl\/t\/wp-content\/uploads\/2025\/05\/0509-12.jpg\" alt=\"\" class=\"wp-image-17851\" srcset=\"https:\/\/wgphoto.pl\/t\/wp-content\/uploads\/2025\/05\/0509-12.jpg 1300w, https:\/\/wgphoto.pl\/t\/wp-content\/uploads\/2025\/05\/0509-12-300x199.jpg 300w, https:\/\/wgphoto.pl\/t\/wp-content\/uploads\/2025\/05\/0509-12-768x509.jpg 768w\" sizes=\"auto, (max-width: 1300px) 100vw, 1300px\" \/><\/figure>\n\n\n\n<div class=\"wp-block-group has-global-padding is-layout-constrained wp-block-group-is-layout-constrained\">\n<p>SU45-231 z poci\u0105giem osobowym 79821 relacji Bia\u0142ystok &#8211; Suwa\u0142ki na stacji w Sok\u00f3\u0142ce. Kilkana\u015bcie minut postoju mo\u017cna wykorzysta\u0107 na r\u00f3\u017cne sposoby. \ud83d\ude09 2005-05-02<\/p>\n<\/div>\n","protected":false},"excerpt":{"rendered":"<p>SU45-231 z poci\u0105giem osobowym 79821 relacji Bia\u0142ystok &#8211; Suwa\u0142ki na stacji w Sok\u00f3\u0142ce. Kilkana\u015bcie minut postoju mo\u017cna wykorzysta\u0107 na r\u00f3\u017cne sposoby. \ud83d\ude09 2005-05-02<\/p>\n","protected":false},"author":1,"featured_media":17851,"comment_status":"open","ping_status":"","sticky":false,"template":"","format":"standard","meta":{"footnotes":""},"categories":[62,2,311],"tags":[591,151,645,24,63,27,176,3824,290,643],"class_list":["post-17850","post","type-post","status-publish","format-standard","has-post-thumbnail","hentry","category-analog","category-kolej","category-rok-2005","tag-2005-05-02","tag-ludzie","tag-majowka-2005-2","tag-perony","tag-pkp","tag-polska","tag-rano","tag-sokolka","tag-su45","tag-tab-pl530"],"_links":{"self":[{"href":"https:\/\/wgphoto.pl\/t\/index.php?rest_route=\/wp\/v2\/posts\/17850","targetHints":{"allow":["GET"]}}],"collection":[{"href":"https:\/\/wgphoto.pl\/t\/index.php?rest_route=\/wp\/v2\/posts"}],"about":[{"href":"https:\/\/wgphoto.pl\/t\/index.php?rest_route=\/wp\/v2\/types\/post"}],"author":[{"embeddable":true,"href":"https:\/\/wgphoto.pl\/t\/index.php?rest_route=\/wp\/v2\/users\/1"}],"replies":[{"embeddable":true,"href":"https:\/\/wgphoto.pl\/t\/index.php?rest_route=%2Fwp%2Fv2%2Fcomments&post=17850"}],"version-history":[{"count":1,"href":"https:\/\/wgphoto.pl\/t\/index.php?rest_route=\/wp\/v2\/posts\/17850\/revisions"}],"predecessor-version":[{"id":17852,"href":"https:\/\/wgphoto.pl\/t\/index.php?rest_route=\/wp\/v2\/posts\/17850\/revisions\/17852"}],"wp:featuredmedia":[{"embeddable":true,"href":"https:\/\/wgphoto.pl\/t\/index.php?rest_route=\/wp\/v2\/media\/17851"}],"wp:attachment":[{"href":"https:\/\/wgphoto.pl\/t\/index.php?rest_route=%2Fwp%2Fv2%2Fmedia&parent=17850"}],"wp:term":[{"taxonomy":"category","embeddable":true,"href":"https:\/\/wgphoto.pl\/t\/index.php?rest_route=%2Fwp%2Fv2%2Fcategories&post=17850"},{"taxonomy":"post_tag","embeddable":true,"href":"https:\/\/wgphoto.pl\/t\/index.php?rest_route=%2Fwp%2Fv2%2Ftags&post=17850"}],"curies":[{"name":"wp","href":"https:\/\/api.w.org\/{rel}","templated":true}]}}