{"id":17853,"date":"2025-05-29T18:10:53","date_gmt":"2025-05-29T16:10:53","guid":{"rendered":"https:\/\/wgphoto.pl\/t\/?p=17853"},"modified":"2025-05-29T18:10:53","modified_gmt":"2025-05-29T16:10:53","slug":"10-przez-teatralna","status":"publish","type":"post","link":"https:\/\/wgphoto.pl\/t\/?p=17853","title":{"rendered":"10 przez Teatraln\u0105"},"content":{"rendered":"\n<figure class=\"wp-block-image aligncenter size-full\"><img loading=\"lazy\" decoding=\"async\" width=\"800\" height=\"1000\" src=\"https:\/\/wgphoto.pl\/t\/wp-content\/uploads\/2025\/05\/0317-17.jpg\" alt=\"\" class=\"wp-image-17854\" srcset=\"https:\/\/wgphoto.pl\/t\/wp-content\/uploads\/2025\/05\/0317-17.jpg 800w, https:\/\/wgphoto.pl\/t\/wp-content\/uploads\/2025\/05\/0317-17-240x300.jpg 240w, https:\/\/wgphoto.pl\/t\/wp-content\/uploads\/2025\/05\/0317-17-768x960.jpg 768w\" sizes=\"auto, (max-width: 800px) 100vw, 800px\" \/><\/figure>\n\n\n\n<div class=\"wp-block-group has-global-padding is-layout-constrained wp-block-group-is-layout-constrained\">\n<p>Wroc\u0142aw, ul. Teatralna, 105Na 2376+2375. Ten objazd by\u0142 spowodowany (s\u0105dz\u0105c po innych zdj\u0119ciach) zamkni\u0119ciem ul. Kazimierza Wielkiego, ale co by\u0142o przyczyn\u0105, to nie wiem. Przebudowa ul. Szewskiej to jeszcze nie wtedy. 2003-06-26<\/p>\n<\/div>\n","protected":false},"excerpt":{"rendered":"<p>Wroc\u0142aw, ul. Teatralna, 105Na 2376+2375. Ten objazd by\u0142 spowodowany (s\u0105dz\u0105c po innych zdj\u0119ciach) zamkni\u0119ciem ul. Kazimierza Wielkiego, ale co by\u0142o przyczyn\u0105, to nie wiem. Przebudowa ul. Szewskiej to jeszcze nie wtedy. 2003-06-26<\/p>\n","protected":false},"author":1,"featured_media":17854,"comment_status":"open","ping_status":"","sticky":false,"template":"","format":"standard","meta":{"footnotes":""},"categories":[62,128,149,3],"tags":[155,3903,13,42,27,41],"class_list":["post-17853","post","type-post","status-publish","format-standard","has-post-thumbnail","hentry","category-analog","category-pionowe","category-rok-2003","category-tramwaj","tag-105na","tag-2003-06-26","tag-deszcz","tag-mpk-wroclaw","tag-polska","tag-wroclaw"],"_links":{"self":[{"href":"https:\/\/wgphoto.pl\/t\/index.php?rest_route=\/wp\/v2\/posts\/17853","targetHints":{"allow":["GET"]}}],"collection":[{"href":"https:\/\/wgphoto.pl\/t\/index.php?rest_route=\/wp\/v2\/posts"}],"about":[{"href":"https:\/\/wgphoto.pl\/t\/index.php?rest_route=\/wp\/v2\/types\/post"}],"author":[{"embeddable":true,"href":"https:\/\/wgphoto.pl\/t\/index.php?rest_route=\/wp\/v2\/users\/1"}],"replies":[{"embeddable":true,"href":"https:\/\/wgphoto.pl\/t\/index.php?rest_route=%2Fwp%2Fv2%2Fcomments&post=17853"}],"version-history":[{"count":1,"href":"https:\/\/wgphoto.pl\/t\/index.php?rest_route=\/wp\/v2\/posts\/17853\/revisions"}],"predecessor-version":[{"id":17855,"href":"https:\/\/wgphoto.pl\/t\/index.php?rest_route=\/wp\/v2\/posts\/17853\/revisions\/17855"}],"wp:featuredmedia":[{"embeddable":true,"href":"https:\/\/wgphoto.pl\/t\/index.php?rest_route=\/wp\/v2\/media\/17854"}],"wp:attachment":[{"href":"https:\/\/wgphoto.pl\/t\/index.php?rest_route=%2Fwp%2Fv2%2Fmedia&parent=17853"}],"wp:term":[{"taxonomy":"category","embeddable":true,"href":"https:\/\/wgphoto.pl\/t\/index.php?rest_route=%2Fwp%2Fv2%2Fcategories&post=17853"},{"taxonomy":"post_tag","embeddable":true,"href":"https:\/\/wgphoto.pl\/t\/index.php?rest_route=%2Fwp%2Fv2%2Ftags&post=17853"}],"curies":[{"name":"wp","href":"https:\/\/api.w.org\/{rel}","templated":true}]}}