{"id":17874,"date":"2025-05-29T18:18:25","date_gmt":"2025-05-29T16:18:25","guid":{"rendered":"https:\/\/wgphoto.pl\/t\/?p=17874"},"modified":"2025-05-29T18:18:25","modified_gmt":"2025-05-29T16:18:25","slug":"bedzie-sprzeganie","status":"publish","type":"post","link":"https:\/\/wgphoto.pl\/t\/?p=17874","title":{"rendered":"B\u0119dzie sprz\u0119ganie"},"content":{"rendered":"\n<figure class=\"wp-block-image aligncenter size-full\"><img loading=\"lazy\" decoding=\"async\" width=\"1300\" height=\"861\" src=\"https:\/\/wgphoto.pl\/t\/wp-content\/uploads\/2025\/05\/IMGP9182.jpg\" alt=\"\" class=\"wp-image-17875\" srcset=\"https:\/\/wgphoto.pl\/t\/wp-content\/uploads\/2025\/05\/IMGP9182.jpg 1300w, https:\/\/wgphoto.pl\/t\/wp-content\/uploads\/2025\/05\/IMGP9182-300x199.jpg 300w, https:\/\/wgphoto.pl\/t\/wp-content\/uploads\/2025\/05\/IMGP9182-768x509.jpg 768w\" sizes=\"auto, (max-width: 1300px) 100vw, 1300px\" \/><\/figure>\n\n\n\n<div class=\"wp-block-group has-global-padding is-layout-constrained wp-block-group-is-layout-constrained\">\n<p>812.052-3 jako poci\u0105g osobowy 6628 relacji Utek\u00e1\u010d &#8211; Lu\u010denec podczas kilkuminutowego postoju na stacji Kokava nad Rimavicou. Maszynista w &#8222;stroju s\u0142u\u017cbowym&#8221; przygotowuje sw\u00f3j pojazd do sprz\u0119gania z drugim motorakiem. 2020-08-10<\/p>\n<\/div>\n","protected":false},"excerpt":{"rendered":"<p>812.052-3 jako poci\u0105g osobowy 6628 relacji Utek\u00e1\u010d &#8211; Lu\u010denec podczas kilkuminutowego postoju na stacji Kokava nad Rimavicou. Maszynista w &#8222;stroju s\u0142u\u017cbowym&#8221; przygotowuje sw\u00f3j pojazd do sprz\u0119gania z drugim motorakiem. 2020-08-10<\/p>\n","protected":false},"author":1,"featured_media":17875,"comment_status":"open","ping_status":"","sticky":false,"template":"","format":"standard","meta":{"footnotes":""},"categories":[2,676],"tags":[2017,1906,3911,196,678,675,469],"class_list":["post-17874","post","type-post","status-publish","format-standard","has-post-thumbnail","hentry","category-kolej","category-rok-2020","tag-2020-08-10","tag-1906","tag-kokava-nad-rimavicou","tag-linie-raczej-lokalne","tag-slovensko-uhersko-2020","tag-slowacja","tag-zssk"],"_links":{"self":[{"href":"https:\/\/wgphoto.pl\/t\/index.php?rest_route=\/wp\/v2\/posts\/17874","targetHints":{"allow":["GET"]}}],"collection":[{"href":"https:\/\/wgphoto.pl\/t\/index.php?rest_route=\/wp\/v2\/posts"}],"about":[{"href":"https:\/\/wgphoto.pl\/t\/index.php?rest_route=\/wp\/v2\/types\/post"}],"author":[{"embeddable":true,"href":"https:\/\/wgphoto.pl\/t\/index.php?rest_route=\/wp\/v2\/users\/1"}],"replies":[{"embeddable":true,"href":"https:\/\/wgphoto.pl\/t\/index.php?rest_route=%2Fwp%2Fv2%2Fcomments&post=17874"}],"version-history":[{"count":1,"href":"https:\/\/wgphoto.pl\/t\/index.php?rest_route=\/wp\/v2\/posts\/17874\/revisions"}],"predecessor-version":[{"id":17876,"href":"https:\/\/wgphoto.pl\/t\/index.php?rest_route=\/wp\/v2\/posts\/17874\/revisions\/17876"}],"wp:featuredmedia":[{"embeddable":true,"href":"https:\/\/wgphoto.pl\/t\/index.php?rest_route=\/wp\/v2\/media\/17875"}],"wp:attachment":[{"href":"https:\/\/wgphoto.pl\/t\/index.php?rest_route=%2Fwp%2Fv2%2Fmedia&parent=17874"}],"wp:term":[{"taxonomy":"category","embeddable":true,"href":"https:\/\/wgphoto.pl\/t\/index.php?rest_route=%2Fwp%2Fv2%2Fcategories&post=17874"},{"taxonomy":"post_tag","embeddable":true,"href":"https:\/\/wgphoto.pl\/t\/index.php?rest_route=%2Fwp%2Fv2%2Ftags&post=17874"}],"curies":[{"name":"wp","href":"https:\/\/api.w.org\/{rel}","templated":true}]}}