{"id":17880,"date":"2025-05-29T18:21:34","date_gmt":"2025-05-29T16:21:34","guid":{"rendered":"https:\/\/wgphoto.pl\/t\/?p=17880"},"modified":"2025-05-29T18:21:34","modified_gmt":"2025-05-29T16:21:34","slug":"podgorze-pierwsze","status":"publish","type":"post","link":"https:\/\/wgphoto.pl\/t\/?p=17880","title":{"rendered":"Podg\u00f3rze Pierwsze"},"content":{"rendered":"\n<figure class=\"wp-block-image aligncenter size-full\"><img loading=\"lazy\" decoding=\"async\" width=\"1300\" height=\"862\" src=\"https:\/\/wgphoto.pl\/t\/wp-content\/uploads\/2025\/05\/0421-15.jpg\" alt=\"\" class=\"wp-image-17881\" srcset=\"https:\/\/wgphoto.pl\/t\/wp-content\/uploads\/2025\/05\/0421-15.jpg 1300w, https:\/\/wgphoto.pl\/t\/wp-content\/uploads\/2025\/05\/0421-15-300x199.jpg 300w, https:\/\/wgphoto.pl\/t\/wp-content\/uploads\/2025\/05\/0421-15-768x509.jpg 768w\" sizes=\"auto, (max-width: 1300px) 100vw, 1300px\" \/><\/figure>\n\n\n\n<div class=\"wp-block-group has-global-padding is-layout-constrained wp-block-group-is-layout-constrained\">\n<p>EU07-121 z poci\u0105giem osobowym nr 222 relacji Wa\u0142brzych G\u0142. &#8211; Wroc\u0142aw G\u0142. na szlaku Wa\u0142brzych G\u0142\u00f3wny &#8211; Wa\u0142brzych Fabryczny. W tle wida\u0107 r\u00f3wno pouk\u0142adan\u0105 zabudow\u0119 tytu\u0142owego osiedla. 23.08.2004<\/p>\n<\/div>\n","protected":false},"excerpt":{"rendered":"<p>EU07-121 z poci\u0105giem osobowym nr 222 relacji Wa\u0142brzych G\u0142. &#8211; Wroc\u0142aw G\u0142. na szlaku Wa\u0142brzych G\u0142\u00f3wny &#8211; Wa\u0142brzych Fabryczny. W tle wida\u0107 r\u00f3wno pouk\u0142adan\u0105 zabudow\u0119 tytu\u0142owego osiedla. 23.08.2004<\/p>\n","protected":false},"author":1,"featured_media":17881,"comment_status":"open","ping_status":"","sticky":false,"template":"","format":"standard","meta":{"footnotes":""},"categories":[62,2,61],"tags":[2752,288,122,113,63,27,200,1878,1101],"class_list":["post-17880","post","type-post","status-publish","format-standard","has-post-thumbnail","hentry","category-analog","category-kolej","category-rok-2004","tag-2004-08-23","tag-bipa","tag-eu07","tag-landszaft","tag-pkp","tag-polska","tag-tab-pl240","tag-walbrzych-fabryczny","tag-walbrzych-glowny"],"_links":{"self":[{"href":"https:\/\/wgphoto.pl\/t\/index.php?rest_route=\/wp\/v2\/posts\/17880","targetHints":{"allow":["GET"]}}],"collection":[{"href":"https:\/\/wgphoto.pl\/t\/index.php?rest_route=\/wp\/v2\/posts"}],"about":[{"href":"https:\/\/wgphoto.pl\/t\/index.php?rest_route=\/wp\/v2\/types\/post"}],"author":[{"embeddable":true,"href":"https:\/\/wgphoto.pl\/t\/index.php?rest_route=\/wp\/v2\/users\/1"}],"replies":[{"embeddable":true,"href":"https:\/\/wgphoto.pl\/t\/index.php?rest_route=%2Fwp%2Fv2%2Fcomments&post=17880"}],"version-history":[{"count":1,"href":"https:\/\/wgphoto.pl\/t\/index.php?rest_route=\/wp\/v2\/posts\/17880\/revisions"}],"predecessor-version":[{"id":17882,"href":"https:\/\/wgphoto.pl\/t\/index.php?rest_route=\/wp\/v2\/posts\/17880\/revisions\/17882"}],"wp:featuredmedia":[{"embeddable":true,"href":"https:\/\/wgphoto.pl\/t\/index.php?rest_route=\/wp\/v2\/media\/17881"}],"wp:attachment":[{"href":"https:\/\/wgphoto.pl\/t\/index.php?rest_route=%2Fwp%2Fv2%2Fmedia&parent=17880"}],"wp:term":[{"taxonomy":"category","embeddable":true,"href":"https:\/\/wgphoto.pl\/t\/index.php?rest_route=%2Fwp%2Fv2%2Fcategories&post=17880"},{"taxonomy":"post_tag","embeddable":true,"href":"https:\/\/wgphoto.pl\/t\/index.php?rest_route=%2Fwp%2Fv2%2Ftags&post=17880"}],"curies":[{"name":"wp","href":"https:\/\/api.w.org\/{rel}","templated":true}]}}