{"id":17883,"date":"2025-05-29T18:22:37","date_gmt":"2025-05-29T16:22:37","guid":{"rendered":"https:\/\/wgphoto.pl\/t\/?p=17883"},"modified":"2025-05-29T18:22:37","modified_gmt":"2025-05-29T16:22:37","slug":"nieoczywiste-ujecie-z-oczywistego-miejsca","status":"publish","type":"post","link":"https:\/\/wgphoto.pl\/t\/?p=17883","title":{"rendered":"Nieoczywiste uj\u0119cie z oczywistego miejsca"},"content":{"rendered":"\n<figure class=\"wp-block-image aligncenter size-full\"><img loading=\"lazy\" decoding=\"async\" width=\"1300\" height=\"870\" src=\"https:\/\/wgphoto.pl\/t\/wp-content\/uploads\/2025\/05\/IMGP2197.jpg\" alt=\"\" class=\"wp-image-17884\" srcset=\"https:\/\/wgphoto.pl\/t\/wp-content\/uploads\/2025\/05\/IMGP2197.jpg 1300w, https:\/\/wgphoto.pl\/t\/wp-content\/uploads\/2025\/05\/IMGP2197-300x201.jpg 300w, https:\/\/wgphoto.pl\/t\/wp-content\/uploads\/2025\/05\/IMGP2197-768x514.jpg 768w\" sizes=\"auto, (max-width: 1300px) 100vw, 1300px\" \/><\/figure>\n\n\n\n<div class=\"wp-block-group has-global-padding is-layout-constrained wp-block-group-is-layout-constrained\">\n<p>Polsat SU42-540 z poci\u0105giem osobowym do Jeleniej G\u00f3ry (lub dalej, ale kt\u00f3\u017c to dzisiaj sprawdzi) w\u0142a\u015bnie wystartowa\u0142 ze Szklarskiej Por\u0119by G\u00f3rnej. Miejsce, z kt\u00f3rego wykona\u0142em foto, jest bardzo oczywiste, ale ci\u0119\u017cko tam skomponowa\u0107 kadr z powodu s\u0142up\u00f3w, sieci i powtarzacza. To w zasadzie moja jedyna pr\u00f3ba i z dzisiejszego punktu widzenia taki kadr ca\u0142kowicie mnie zadowala. 2010-03-22<\/p>\n<\/div>\n","protected":false},"excerpt":{"rendered":"<p>Polsat SU42-540 z poci\u0105giem osobowym do Jeleniej G\u00f3ry (lub dalej, ale kt\u00f3\u017c to dzisiaj sprawdzi) w\u0142a\u015bnie wystartowa\u0142 ze Szklarskiej Por\u0119by G\u00f3rnej. Miejsce, z kt\u00f3rego wykona\u0142em foto, jest bardzo oczywiste, ale ci\u0119\u017cko tam skomponowa\u0107 kadr z powodu s\u0142up\u00f3w, sieci i powtarzacza. To w zasadzie moja jedyna pr\u00f3ba i z dzisiejszego punktu widzenia taki kadr ca\u0142kowicie mnie [&hellip;]<\/p>\n","protected":false},"author":1,"featured_media":17884,"comment_status":"open","ping_status":"","sticky":false,"template":"","format":"standard","meta":{"footnotes":""},"categories":[2,86],"tags":[2417,114,63,27,44,250,934,200],"class_list":["post-17883","post","type-post","status-publish","format-standard","has-post-thumbnail","hentry","category-kolej","category-rok-2010","tag-2010-03-22","tag-gory","tag-pkp","tag-polska","tag-snieg","tag-su42","tag-szklarska-poreba-gorna","tag-tab-pl240"],"_links":{"self":[{"href":"https:\/\/wgphoto.pl\/t\/index.php?rest_route=\/wp\/v2\/posts\/17883","targetHints":{"allow":["GET"]}}],"collection":[{"href":"https:\/\/wgphoto.pl\/t\/index.php?rest_route=\/wp\/v2\/posts"}],"about":[{"href":"https:\/\/wgphoto.pl\/t\/index.php?rest_route=\/wp\/v2\/types\/post"}],"author":[{"embeddable":true,"href":"https:\/\/wgphoto.pl\/t\/index.php?rest_route=\/wp\/v2\/users\/1"}],"replies":[{"embeddable":true,"href":"https:\/\/wgphoto.pl\/t\/index.php?rest_route=%2Fwp%2Fv2%2Fcomments&post=17883"}],"version-history":[{"count":1,"href":"https:\/\/wgphoto.pl\/t\/index.php?rest_route=\/wp\/v2\/posts\/17883\/revisions"}],"predecessor-version":[{"id":17885,"href":"https:\/\/wgphoto.pl\/t\/index.php?rest_route=\/wp\/v2\/posts\/17883\/revisions\/17885"}],"wp:featuredmedia":[{"embeddable":true,"href":"https:\/\/wgphoto.pl\/t\/index.php?rest_route=\/wp\/v2\/media\/17884"}],"wp:attachment":[{"href":"https:\/\/wgphoto.pl\/t\/index.php?rest_route=%2Fwp%2Fv2%2Fmedia&parent=17883"}],"wp:term":[{"taxonomy":"category","embeddable":true,"href":"https:\/\/wgphoto.pl\/t\/index.php?rest_route=%2Fwp%2Fv2%2Fcategories&post=17883"},{"taxonomy":"post_tag","embeddable":true,"href":"https:\/\/wgphoto.pl\/t\/index.php?rest_route=%2Fwp%2Fv2%2Ftags&post=17883"}],"curies":[{"name":"wp","href":"https:\/\/api.w.org\/{rel}","templated":true}]}}