{"id":17886,"date":"2025-05-29T18:23:33","date_gmt":"2025-05-29T16:23:33","guid":{"rendered":"https:\/\/wgphoto.pl\/t\/?p=17886"},"modified":"2025-05-29T18:23:33","modified_gmt":"2025-05-29T16:23:33","slug":"nad-rzeka-ave","status":"publish","type":"post","link":"https:\/\/wgphoto.pl\/t\/?p=17886","title":{"rendered":"Nad rzek\u0105 Ave"},"content":{"rendered":"\n<figure class=\"wp-block-image aligncenter size-full\"><img loading=\"lazy\" decoding=\"async\" width=\"1300\" height=\"861\" src=\"https:\/\/wgphoto.pl\/t\/wp-content\/uploads\/2025\/05\/IMGP6285.jpg\" alt=\"\" class=\"wp-image-17887\" srcset=\"https:\/\/wgphoto.pl\/t\/wp-content\/uploads\/2025\/05\/IMGP6285.jpg 1300w, https:\/\/wgphoto.pl\/t\/wp-content\/uploads\/2025\/05\/IMGP6285-300x199.jpg 300w, https:\/\/wgphoto.pl\/t\/wp-content\/uploads\/2025\/05\/IMGP6285-768x509.jpg 768w\" sizes=\"auto, (max-width: 1300px) 100vw, 1300px\" \/><\/figure>\n\n\n\n<div class=\"wp-block-group has-global-padding is-layout-constrained wp-block-group-is-layout-constrained\">\n<p>Bombardier Flexity Swift o nieznanym numerze przeje\u017cd\u017ca nad rzek\u0105 Ave mi\u0119dzy przystankami Azurara i Santa Clara (kt\u00f3ry sw\u0105 nazw\u0119 bierze od klasztoru widocznego mi\u0119dzy filarami) w miejscowo\u015bci Vila do Conde, oddalonej o oko\u0142o 30 km od Porto, sk\u0105d mo\u017cna tu dotrze\u0107 tramwajem. Z tego co pami\u0119tam, podpatrzy\u0142em to uj\u0119cie w jakiej\u015b tramwajowej ulotce. 2018-02-19<\/p>\n<\/div>\n","protected":false},"excerpt":{"rendered":"<p>Bombardier Flexity Swift o nieznanym numerze przeje\u017cd\u017ca nad rzek\u0105 Ave mi\u0119dzy przystankami Azurara i Santa Clara (kt\u00f3ry sw\u0105 nazw\u0119 bierze od klasztoru widocznego mi\u0119dzy filarami) w miejscowo\u015bci Vila do Conde, oddalonej o oko\u0142o 30 km od Porto, sk\u0105d mo\u017cna tu dotrze\u0107 tramwajem. Z tego co pami\u0119tam, podpatrzy\u0142em to uj\u0119cie w jakiej\u015b tramwajowej ulotce. 2018-02-19<\/p>\n","protected":false},"author":1,"featured_media":17887,"comment_status":"open","ping_status":"","sticky":false,"template":"","format":"standard","meta":{"footnotes":""},"categories":[156,3],"tags":[1185,683,504,45,503,297,505,73,561,3913],"class_list":["post-17886","post","type-post","status-publish","format-standard","has-post-thumbnail","hentry","category-rok-2018","category-tramwaj","tag-2018-02-19","tag-bombardier-flexity-swift","tag-metro-do-porto","tag-most","tag-porto","tag-portugalia","tag-portugalia-2018","tag-rzeka","tag-tramwaj-podmiejski","tag-vila-do-conde"],"_links":{"self":[{"href":"https:\/\/wgphoto.pl\/t\/index.php?rest_route=\/wp\/v2\/posts\/17886","targetHints":{"allow":["GET"]}}],"collection":[{"href":"https:\/\/wgphoto.pl\/t\/index.php?rest_route=\/wp\/v2\/posts"}],"about":[{"href":"https:\/\/wgphoto.pl\/t\/index.php?rest_route=\/wp\/v2\/types\/post"}],"author":[{"embeddable":true,"href":"https:\/\/wgphoto.pl\/t\/index.php?rest_route=\/wp\/v2\/users\/1"}],"replies":[{"embeddable":true,"href":"https:\/\/wgphoto.pl\/t\/index.php?rest_route=%2Fwp%2Fv2%2Fcomments&post=17886"}],"version-history":[{"count":1,"href":"https:\/\/wgphoto.pl\/t\/index.php?rest_route=\/wp\/v2\/posts\/17886\/revisions"}],"predecessor-version":[{"id":17888,"href":"https:\/\/wgphoto.pl\/t\/index.php?rest_route=\/wp\/v2\/posts\/17886\/revisions\/17888"}],"wp:featuredmedia":[{"embeddable":true,"href":"https:\/\/wgphoto.pl\/t\/index.php?rest_route=\/wp\/v2\/media\/17887"}],"wp:attachment":[{"href":"https:\/\/wgphoto.pl\/t\/index.php?rest_route=%2Fwp%2Fv2%2Fmedia&parent=17886"}],"wp:term":[{"taxonomy":"category","embeddable":true,"href":"https:\/\/wgphoto.pl\/t\/index.php?rest_route=%2Fwp%2Fv2%2Fcategories&post=17886"},{"taxonomy":"post_tag","embeddable":true,"href":"https:\/\/wgphoto.pl\/t\/index.php?rest_route=%2Fwp%2Fv2%2Ftags&post=17886"}],"curies":[{"name":"wp","href":"https:\/\/api.w.org\/{rel}","templated":true}]}}