{"id":17898,"date":"2025-05-29T18:31:44","date_gmt":"2025-05-29T16:31:44","guid":{"rendered":"https:\/\/wgphoto.pl\/t\/?p=17898"},"modified":"2025-06-10T17:42:35","modified_gmt":"2025-06-10T15:42:35","slug":"tramwaj-miedzynarodowy-2","status":"publish","type":"post","link":"https:\/\/wgphoto.pl\/t\/?p=17898","title":{"rendered":"Tramwaj mi\u0119dzynarodowy (2)"},"content":{"rendered":"\n<figure class=\"wp-block-image aligncenter size-full\"><img loading=\"lazy\" decoding=\"async\" width=\"1300\" height=\"813\" src=\"https:\/\/wgphoto.pl\/t\/wp-content\/uploads\/2025\/05\/IMGP7285.jpg\" alt=\"\" class=\"wp-image-17899\" srcset=\"https:\/\/wgphoto.pl\/t\/wp-content\/uploads\/2025\/05\/IMGP7285.jpg 1300w, https:\/\/wgphoto.pl\/t\/wp-content\/uploads\/2025\/05\/IMGP7285-300x188.jpg 300w, https:\/\/wgphoto.pl\/t\/wp-content\/uploads\/2025\/05\/IMGP7285-768x480.jpg 768w\" sizes=\"auto, (max-width: 1300px) 100vw, 1300px\" \/><\/figure>\n\n\n\n<div class=\"wp-block-group has-global-padding is-layout-constrained wp-block-group-is-layout-constrained\">\n<p>Stadler Tango sp\u00f3\u0142ki BLT przed chwil\u0105 min\u0105\u0142 granic\u0119 pa\u0144stwa na odcinku Rodersdorf (CH) &#8211; Leymen (FR), by za par\u0119 minut ponownie wjecha\u0107 do Szwajcarii. 2018-03-22<\/p>\n<\/div>\n","protected":false},"excerpt":{"rendered":"<p>Stadler Tango sp\u00f3\u0142ki BLT przed chwil\u0105 min\u0105\u0142 granic\u0119 pa\u0144stwa na odcinku Rodersdorf (CH) &#8211; Leymen (FR), by za par\u0119 minut ponownie wjecha\u0107 do Szwajcarii. 2018-03-22<\/p>\n","protected":false},"author":1,"featured_media":17899,"comment_status":"open","ping_status":"","sticky":false,"template":"","format":"standard","meta":{"footnotes":""},"categories":[156,3],"tags":[382,378,2485,415,113,2486,143,2487,183,561],"class_list":["post-17898","post","type-post","status-publish","format-standard","has-post-thumbnail","hentry","category-rok-2018","category-tramwaj","tag-2018-03-22","tag-bazylea","tag-blt","tag-francja","tag-landszaft","tag-leymen","tag-ponad-30m","tag-stadler-tango","tag-suissetrip-2018","tag-tramwaj-podmiejski"],"_links":{"self":[{"href":"https:\/\/wgphoto.pl\/t\/index.php?rest_route=\/wp\/v2\/posts\/17898","targetHints":{"allow":["GET"]}}],"collection":[{"href":"https:\/\/wgphoto.pl\/t\/index.php?rest_route=\/wp\/v2\/posts"}],"about":[{"href":"https:\/\/wgphoto.pl\/t\/index.php?rest_route=\/wp\/v2\/types\/post"}],"author":[{"embeddable":true,"href":"https:\/\/wgphoto.pl\/t\/index.php?rest_route=\/wp\/v2\/users\/1"}],"replies":[{"embeddable":true,"href":"https:\/\/wgphoto.pl\/t\/index.php?rest_route=%2Fwp%2Fv2%2Fcomments&post=17898"}],"version-history":[{"count":1,"href":"https:\/\/wgphoto.pl\/t\/index.php?rest_route=\/wp\/v2\/posts\/17898\/revisions"}],"predecessor-version":[{"id":17900,"href":"https:\/\/wgphoto.pl\/t\/index.php?rest_route=\/wp\/v2\/posts\/17898\/revisions\/17900"}],"wp:featuredmedia":[{"embeddable":true,"href":"https:\/\/wgphoto.pl\/t\/index.php?rest_route=\/wp\/v2\/media\/17899"}],"wp:attachment":[{"href":"https:\/\/wgphoto.pl\/t\/index.php?rest_route=%2Fwp%2Fv2%2Fmedia&parent=17898"}],"wp:term":[{"taxonomy":"category","embeddable":true,"href":"https:\/\/wgphoto.pl\/t\/index.php?rest_route=%2Fwp%2Fv2%2Fcategories&post=17898"},{"taxonomy":"post_tag","embeddable":true,"href":"https:\/\/wgphoto.pl\/t\/index.php?rest_route=%2Fwp%2Fv2%2Ftags&post=17898"}],"curies":[{"name":"wp","href":"https:\/\/api.w.org\/{rel}","templated":true}]}}