{"id":17904,"date":"2025-05-29T18:33:25","date_gmt":"2025-05-29T16:33:25","guid":{"rendered":"https:\/\/wgphoto.pl\/t\/?p=17904"},"modified":"2025-05-29T18:33:25","modified_gmt":"2025-05-29T16:33:25","slug":"do-wlenia-wolna","status":"publish","type":"post","link":"https:\/\/wgphoto.pl\/t\/?p=17904","title":{"rendered":"Do Wlenia wolna"},"content":{"rendered":"\n<figure class=\"wp-block-image aligncenter size-full\"><img loading=\"lazy\" decoding=\"async\" width=\"1300\" height=\"862\" src=\"https:\/\/wgphoto.pl\/t\/wp-content\/uploads\/2025\/05\/0738-36.jpg\" alt=\"\" class=\"wp-image-17905\" srcset=\"https:\/\/wgphoto.pl\/t\/wp-content\/uploads\/2025\/05\/0738-36.jpg 1300w, https:\/\/wgphoto.pl\/t\/wp-content\/uploads\/2025\/05\/0738-36-300x199.jpg 300w, https:\/\/wgphoto.pl\/t\/wp-content\/uploads\/2025\/05\/0738-36-768x509.jpg 768w\" sizes=\"auto, (max-width: 1300px) 100vw, 1300px\" \/><\/figure>\n\n\n\n<div class=\"wp-block-group has-global-padding is-layout-constrained wp-block-group-is-layout-constrained\">\n<p>SU42-536 z poci\u0105giem osobowym relacji Legnica &#8211; Jelenia G\u00f3ra odje\u017cd\u017ca z Lw\u00f3wka \u015al\u0105skiego. 23.12.2007<\/p>\n<\/div>\n","protected":false},"excerpt":{"rendered":"<p>SU42-536 z poci\u0105giem osobowym relacji Legnica &#8211; Jelenia G\u00f3ra odje\u017cd\u017ca z Lw\u00f3wka \u015al\u0105skiego. 23.12.2007<\/p>\n","protected":false},"author":1,"featured_media":17905,"comment_status":"open","ping_status":"","sticky":false,"template":"","format":"standard","meta":{"footnotes":""},"categories":[62,2,96],"tags":[2340,2094,63,27,176,44,250,53,363],"class_list":["post-17904","post","type-post","status-publish","format-standard","has-post-thumbnail","hentry","category-analog","category-kolej","category-rok-2007","tag-2007-12-23","tag-lwowek-slaski","tag-pkp","tag-polska","tag-rano","tag-snieg","tag-su42","tag-sygnalizacja-ksztaltowa","tag-tab-pl250"],"_links":{"self":[{"href":"https:\/\/wgphoto.pl\/t\/index.php?rest_route=\/wp\/v2\/posts\/17904","targetHints":{"allow":["GET"]}}],"collection":[{"href":"https:\/\/wgphoto.pl\/t\/index.php?rest_route=\/wp\/v2\/posts"}],"about":[{"href":"https:\/\/wgphoto.pl\/t\/index.php?rest_route=\/wp\/v2\/types\/post"}],"author":[{"embeddable":true,"href":"https:\/\/wgphoto.pl\/t\/index.php?rest_route=\/wp\/v2\/users\/1"}],"replies":[{"embeddable":true,"href":"https:\/\/wgphoto.pl\/t\/index.php?rest_route=%2Fwp%2Fv2%2Fcomments&post=17904"}],"version-history":[{"count":1,"href":"https:\/\/wgphoto.pl\/t\/index.php?rest_route=\/wp\/v2\/posts\/17904\/revisions"}],"predecessor-version":[{"id":17906,"href":"https:\/\/wgphoto.pl\/t\/index.php?rest_route=\/wp\/v2\/posts\/17904\/revisions\/17906"}],"wp:featuredmedia":[{"embeddable":true,"href":"https:\/\/wgphoto.pl\/t\/index.php?rest_route=\/wp\/v2\/media\/17905"}],"wp:attachment":[{"href":"https:\/\/wgphoto.pl\/t\/index.php?rest_route=%2Fwp%2Fv2%2Fmedia&parent=17904"}],"wp:term":[{"taxonomy":"category","embeddable":true,"href":"https:\/\/wgphoto.pl\/t\/index.php?rest_route=%2Fwp%2Fv2%2Fcategories&post=17904"},{"taxonomy":"post_tag","embeddable":true,"href":"https:\/\/wgphoto.pl\/t\/index.php?rest_route=%2Fwp%2Fv2%2Ftags&post=17904"}],"curies":[{"name":"wp","href":"https:\/\/api.w.org\/{rel}","templated":true}]}}