{"id":17907,"date":"2025-05-29T18:34:26","date_gmt":"2025-05-29T16:34:26","guid":{"rendered":"https:\/\/wgphoto.pl\/t\/?p=17907"},"modified":"2025-05-29T18:34:26","modified_gmt":"2025-05-29T16:34:26","slug":"deszczowy-wieczor-w-comasinie","status":"publish","type":"post","link":"https:\/\/wgphoto.pl\/t\/?p=17907","title":{"rendered":"Deszczowy wiecz\u00f3r w Comasinie"},"content":{"rendered":"\n<figure class=\"wp-block-image aligncenter size-full\"><img loading=\"lazy\" decoding=\"async\" width=\"1300\" height=\"861\" src=\"https:\/\/wgphoto.pl\/t\/wp-content\/uploads\/2025\/05\/IMGP7835-1.jpg\" alt=\"\" class=\"wp-image-17908\" srcset=\"https:\/\/wgphoto.pl\/t\/wp-content\/uploads\/2025\/05\/IMGP7835-1.jpg 1300w, https:\/\/wgphoto.pl\/t\/wp-content\/uploads\/2025\/05\/IMGP7835-1-300x199.jpg 300w, https:\/\/wgphoto.pl\/t\/wp-content\/uploads\/2025\/05\/IMGP7835-1-768x509.jpg 768w\" sizes=\"auto, (max-width: 1300px) 100vw, 1300px\" \/><\/figure>\n\n\n\n<div class=\"wp-block-group has-global-padding is-layout-constrained wp-block-group-is-layout-constrained\">\n<p>Mediolan, Comasina. Na pocz\u0105tkowym przystanku, na w\u0119\u017ale przesiadkowym na metro, na odjazd oczekuje sk\u0142ad 545+507+546 (produkcja z lat 50-tych) podmiejskiej linii tramwajowej nr 179 do Limbiate. Kiedy\u015b tramwaj wje\u017cd\u017ca\u0142 g\u0142\u0119biej w miasto, czego zaprzesta\u0142 zapewne wraz z wyd\u0142u\u017ceniem metra M3, obecnie za\u015b podobno linia dogorywa je\u017cd\u017c\u0105c tylko w szczytach roboczych i w sobotnie przedpo\u0142udnia. 04.11.2014<\/p>\n<\/div>\n","protected":false},"excerpt":{"rendered":"<p>Mediolan, Comasina. Na pocz\u0105tkowym przystanku, na w\u0119\u017ale przesiadkowym na metro, na odjazd oczekuje sk\u0142ad 545+507+546 (produkcja z lat 50-tych) podmiejskiej linii tramwajowej nr 179 do Limbiate. Kiedy\u015b tramwaj wje\u017cd\u017ca\u0142 g\u0142\u0119biej w miasto, czego zaprzesta\u0142 zapewne wraz z wyd\u0142u\u017ceniem metra M3, obecnie za\u015b podobno linia dogorywa je\u017cd\u017c\u0105c tylko w szczytach roboczych i w sobotnie przedpo\u0142udnia. 04.11.2014<\/p>\n","protected":false},"author":1,"featured_media":17908,"comment_status":"open","ping_status":"","sticky":false,"template":"","format":"standard","meta":{"footnotes":""},"categories":[48,3],"tags":[2818,834,13,173,835,154,135,561,110],"class_list":["post-17907","post","type-post","status-publish","format-standard","has-post-thumbnail","hentry","category-rok-2014","category-tramwaj","tag-2014-11-04","tag-atm-milano","tag-deszcz","tag-koncowki","tag-mediolan","tag-noc","tag-potrojniak","tag-tramwaj-podmiejski","tag-wlochy"],"_links":{"self":[{"href":"https:\/\/wgphoto.pl\/t\/index.php?rest_route=\/wp\/v2\/posts\/17907","targetHints":{"allow":["GET"]}}],"collection":[{"href":"https:\/\/wgphoto.pl\/t\/index.php?rest_route=\/wp\/v2\/posts"}],"about":[{"href":"https:\/\/wgphoto.pl\/t\/index.php?rest_route=\/wp\/v2\/types\/post"}],"author":[{"embeddable":true,"href":"https:\/\/wgphoto.pl\/t\/index.php?rest_route=\/wp\/v2\/users\/1"}],"replies":[{"embeddable":true,"href":"https:\/\/wgphoto.pl\/t\/index.php?rest_route=%2Fwp%2Fv2%2Fcomments&post=17907"}],"version-history":[{"count":1,"href":"https:\/\/wgphoto.pl\/t\/index.php?rest_route=\/wp\/v2\/posts\/17907\/revisions"}],"predecessor-version":[{"id":17909,"href":"https:\/\/wgphoto.pl\/t\/index.php?rest_route=\/wp\/v2\/posts\/17907\/revisions\/17909"}],"wp:featuredmedia":[{"embeddable":true,"href":"https:\/\/wgphoto.pl\/t\/index.php?rest_route=\/wp\/v2\/media\/17908"}],"wp:attachment":[{"href":"https:\/\/wgphoto.pl\/t\/index.php?rest_route=%2Fwp%2Fv2%2Fmedia&parent=17907"}],"wp:term":[{"taxonomy":"category","embeddable":true,"href":"https:\/\/wgphoto.pl\/t\/index.php?rest_route=%2Fwp%2Fv2%2Fcategories&post=17907"},{"taxonomy":"post_tag","embeddable":true,"href":"https:\/\/wgphoto.pl\/t\/index.php?rest_route=%2Fwp%2Fv2%2Ftags&post=17907"}],"curies":[{"name":"wp","href":"https:\/\/api.w.org\/{rel}","templated":true}]}}