{"id":1792,"date":"2024-10-06T20:48:19","date_gmt":"2024-10-06T18:48:19","guid":{"rendered":"https:\/\/wgphoto.pl\/t\/?p=1792"},"modified":"2024-10-06T20:48:19","modified_gmt":"2024-10-06T18:48:19","slug":"dwa-ksztalty","status":"publish","type":"post","link":"https:\/\/wgphoto.pl\/t\/?p=1792","title":{"rendered":"Dwa kszta\u0142ty"},"content":{"rendered":"\n<figure class=\"wp-block-image aligncenter size-full\"><img loading=\"lazy\" decoding=\"async\" width=\"1200\" height=\"796\" src=\"https:\/\/wgphoto.pl\/t\/wp-content\/uploads\/2024\/10\/2001o2-13a.jpg\" alt=\"\" class=\"wp-image-1793\" srcset=\"https:\/\/wgphoto.pl\/t\/wp-content\/uploads\/2024\/10\/2001o2-13a.jpg 1200w, https:\/\/wgphoto.pl\/t\/wp-content\/uploads\/2024\/10\/2001o2-13a-300x199.jpg 300w, https:\/\/wgphoto.pl\/t\/wp-content\/uploads\/2024\/10\/2001o2-13a-768x509.jpg 768w\" sizes=\"auto, (max-width: 1200px) 100vw, 1200px\" \/><\/figure>\n\n\n\n<div class=\"wp-block-group has-global-padding is-layout-constrained wp-block-group-is-layout-constrained\">\n<p>SP32-069 prowadz\u0105c poci\u0105g osobowy 7734 z Lubawki do Wa\u0142brzycha G\u0142\u00f3wnego zaraz minie semafor wjazdowy do Kamiennej G\u00f3ry. Po prawej stoi wjazd na linii od strony Kowar, kt\u00f3ry zosta\u0142 zdemontowany na prze\u0142omie 2007 i 2008 roku, nied\u0142ugo po wykonaniu <a href=\"http:\/\/wgmnie.net\/n\/index.php?showimage=728\">tego zdj\u0119cia<\/a>. 21.07.2001<\/p>\n<\/div>\n","protected":false},"excerpt":{"rendered":"<p>SP32-069 prowadz\u0105c poci\u0105g osobowy 7734 z Lubawki do Wa\u0142brzycha G\u0142\u00f3wnego zaraz minie semafor wjazdowy do Kamiennej G\u00f3ry. Po prawej stoi wjazd na linii od strony Kowar, kt\u00f3ry zosta\u0142 zdemontowany na prze\u0142omie 2007 i 2008 roku, nied\u0142ugo po wykonaniu tego zdj\u0119cia. 21.07.2001<\/p>\n","protected":false},"author":1,"featured_media":1793,"comment_status":"open","ping_status":"","sticky":false,"template":"","format":"standard","meta":{"footnotes":""},"categories":[62,2,940],"tags":[941,629,63,27,385,53,627],"class_list":["post-1792","post","type-post","status-publish","format-standard","has-post-thumbnail","hentry","category-analog","category-kolej","category-rok-2001","tag-2001-07-21","tag-kamienna-gora","tag-pkp","tag-polska","tag-sp32","tag-sygnalizacja-ksztaltowa","tag-tab-pl247"],"_links":{"self":[{"href":"https:\/\/wgphoto.pl\/t\/index.php?rest_route=\/wp\/v2\/posts\/1792","targetHints":{"allow":["GET"]}}],"collection":[{"href":"https:\/\/wgphoto.pl\/t\/index.php?rest_route=\/wp\/v2\/posts"}],"about":[{"href":"https:\/\/wgphoto.pl\/t\/index.php?rest_route=\/wp\/v2\/types\/post"}],"author":[{"embeddable":true,"href":"https:\/\/wgphoto.pl\/t\/index.php?rest_route=\/wp\/v2\/users\/1"}],"replies":[{"embeddable":true,"href":"https:\/\/wgphoto.pl\/t\/index.php?rest_route=%2Fwp%2Fv2%2Fcomments&post=1792"}],"version-history":[{"count":1,"href":"https:\/\/wgphoto.pl\/t\/index.php?rest_route=\/wp\/v2\/posts\/1792\/revisions"}],"predecessor-version":[{"id":1794,"href":"https:\/\/wgphoto.pl\/t\/index.php?rest_route=\/wp\/v2\/posts\/1792\/revisions\/1794"}],"wp:featuredmedia":[{"embeddable":true,"href":"https:\/\/wgphoto.pl\/t\/index.php?rest_route=\/wp\/v2\/media\/1793"}],"wp:attachment":[{"href":"https:\/\/wgphoto.pl\/t\/index.php?rest_route=%2Fwp%2Fv2%2Fmedia&parent=1792"}],"wp:term":[{"taxonomy":"category","embeddable":true,"href":"https:\/\/wgphoto.pl\/t\/index.php?rest_route=%2Fwp%2Fv2%2Fcategories&post=1792"},{"taxonomy":"post_tag","embeddable":true,"href":"https:\/\/wgphoto.pl\/t\/index.php?rest_route=%2Fwp%2Fv2%2Ftags&post=1792"}],"curies":[{"name":"wp","href":"https:\/\/api.w.org\/{rel}","templated":true}]}}