{"id":17964,"date":"2025-06-01T14:20:22","date_gmt":"2025-06-01T12:20:22","guid":{"rendered":"https:\/\/wgphoto.pl\/t\/?p=17964"},"modified":"2025-06-01T14:20:22","modified_gmt":"2025-06-01T12:20:22","slug":"sp42-068-zgorzelec-miasto","status":"publish","type":"post","link":"https:\/\/wgphoto.pl\/t\/?p=17964","title":{"rendered":"SP42-068, Zgorzelec Miasto"},"content":{"rendered":"\n<figure class=\"wp-block-image aligncenter size-full\"><img loading=\"lazy\" decoding=\"async\" width=\"700\" height=\"1050\" src=\"https:\/\/wgphoto.pl\/t\/wp-content\/uploads\/2025\/06\/2002d-37.jpg\" alt=\"\" class=\"wp-image-17965\" srcset=\"https:\/\/wgphoto.pl\/t\/wp-content\/uploads\/2025\/06\/2002d-37.jpg 700w, https:\/\/wgphoto.pl\/t\/wp-content\/uploads\/2025\/06\/2002d-37-200x300.jpg 200w\" sizes=\"auto, (max-width: 700px) 100vw, 700px\" \/><\/figure>\n\n\n\n<div class=\"wp-block-group has-global-padding is-layout-constrained wp-block-group-is-layout-constrained\">\n<p>SP42-068 z poci\u0105giem osobowym 5535 relacji W\u0119gliniec &#8211; Luba\u0144 \u015al\u0105ski w czasie postoju na przystanku Zgorzelec Miasto. 2002-03-02<\/p>\n<\/div>\n","protected":false},"excerpt":{"rendered":"<p>SP42-068 z poci\u0105giem osobowym 5535 relacji W\u0119gliniec &#8211; Luba\u0144 \u015al\u0105ski w czasie postoju na przystanku Zgorzelec Miasto. 2002-03-02<\/p>\n","protected":false},"author":1,"featured_media":17965,"comment_status":"open","ping_status":"","sticky":false,"template":"","format":"standard","meta":{"footnotes":""},"categories":[62,2,128,577],"tags":[1771,63,27,316,233,3921],"class_list":["post-17964","post","type-post","status-publish","format-standard","has-post-thumbnail","hentry","category-analog","category-kolej","category-pionowe","category-rok-2002","tag-2002-03-02","tag-pkp","tag-polska","tag-sp42","tag-tab-pl260","tag-zgorzelec-miasto"],"_links":{"self":[{"href":"https:\/\/wgphoto.pl\/t\/index.php?rest_route=\/wp\/v2\/posts\/17964","targetHints":{"allow":["GET"]}}],"collection":[{"href":"https:\/\/wgphoto.pl\/t\/index.php?rest_route=\/wp\/v2\/posts"}],"about":[{"href":"https:\/\/wgphoto.pl\/t\/index.php?rest_route=\/wp\/v2\/types\/post"}],"author":[{"embeddable":true,"href":"https:\/\/wgphoto.pl\/t\/index.php?rest_route=\/wp\/v2\/users\/1"}],"replies":[{"embeddable":true,"href":"https:\/\/wgphoto.pl\/t\/index.php?rest_route=%2Fwp%2Fv2%2Fcomments&post=17964"}],"version-history":[{"count":1,"href":"https:\/\/wgphoto.pl\/t\/index.php?rest_route=\/wp\/v2\/posts\/17964\/revisions"}],"predecessor-version":[{"id":17966,"href":"https:\/\/wgphoto.pl\/t\/index.php?rest_route=\/wp\/v2\/posts\/17964\/revisions\/17966"}],"wp:featuredmedia":[{"embeddable":true,"href":"https:\/\/wgphoto.pl\/t\/index.php?rest_route=\/wp\/v2\/media\/17965"}],"wp:attachment":[{"href":"https:\/\/wgphoto.pl\/t\/index.php?rest_route=%2Fwp%2Fv2%2Fmedia&parent=17964"}],"wp:term":[{"taxonomy":"category","embeddable":true,"href":"https:\/\/wgphoto.pl\/t\/index.php?rest_route=%2Fwp%2Fv2%2Fcategories&post=17964"},{"taxonomy":"post_tag","embeddable":true,"href":"https:\/\/wgphoto.pl\/t\/index.php?rest_route=%2Fwp%2Fv2%2Ftags&post=17964"}],"curies":[{"name":"wp","href":"https:\/\/api.w.org\/{rel}","templated":true}]}}