{"id":17967,"date":"2025-06-01T14:21:17","date_gmt":"2025-06-01T12:21:17","guid":{"rendered":"https:\/\/wgphoto.pl\/t\/?p=17967"},"modified":"2025-06-01T14:21:17","modified_gmt":"2025-06-01T12:21:17","slug":"wawel-w-rokitkach","status":"publish","type":"post","link":"https:\/\/wgphoto.pl\/t\/?p=17967","title":{"rendered":"&#8222;Wawel&#8221; w Rokitkach"},"content":{"rendered":"\n<figure class=\"wp-block-image aligncenter size-full\"><img loading=\"lazy\" decoding=\"async\" width=\"1300\" height=\"801\" src=\"https:\/\/wgphoto.pl\/t\/wp-content\/uploads\/2025\/06\/0424-06.jpg\" alt=\"\" class=\"wp-image-17968\" srcset=\"https:\/\/wgphoto.pl\/t\/wp-content\/uploads\/2025\/06\/0424-06.jpg 1300w, https:\/\/wgphoto.pl\/t\/wp-content\/uploads\/2025\/06\/0424-06-300x185.jpg 300w, https:\/\/wgphoto.pl\/t\/wp-content\/uploads\/2025\/06\/0424-06-768x473.jpg 768w\" sizes=\"auto, (max-width: 1300px) 100vw, 1300px\" \/><\/figure>\n\n\n\n<div class=\"wp-block-group has-global-padding is-layout-constrained wp-block-group-is-layout-constrained\">\n<p>\u017baga\u0144ska SU45-073 z poci\u0105giem IC240\/37001 &#8222;Wawel&#8221; z Krakowa G\u0142\u00f3wnego do Hamburga-Altony mija bez zatrzymania Rokitki. 09.09.2004<\/p>\n<\/div>\n","protected":false},"excerpt":{"rendered":"<p>\u017baga\u0144ska SU45-073 z poci\u0105giem IC240\/37001 &#8222;Wawel&#8221; z Krakowa G\u0142\u00f3wnego do Hamburga-Altony mija bez zatrzymania Rokitki. 09.09.2004<\/p>\n","protected":false},"author":1,"featured_media":17968,"comment_status":"open","ping_status":"","sticky":false,"template":"","format":"standard","meta":{"footnotes":""},"categories":[62,2,61],"tags":[818,63,27,65,290,53,356,231],"class_list":["post-17967","post","type-post","status-publish","format-standard","has-post-thumbnail","hentry","category-analog","category-kolej","category-rok-2004","tag-2004-09-09","tag-pkp","tag-polska","tag-rokitki","tag-su45","tag-sygnalizacja-ksztaltowa","tag-tab-pl270","tag-wieza-cisnien"],"_links":{"self":[{"href":"https:\/\/wgphoto.pl\/t\/index.php?rest_route=\/wp\/v2\/posts\/17967","targetHints":{"allow":["GET"]}}],"collection":[{"href":"https:\/\/wgphoto.pl\/t\/index.php?rest_route=\/wp\/v2\/posts"}],"about":[{"href":"https:\/\/wgphoto.pl\/t\/index.php?rest_route=\/wp\/v2\/types\/post"}],"author":[{"embeddable":true,"href":"https:\/\/wgphoto.pl\/t\/index.php?rest_route=\/wp\/v2\/users\/1"}],"replies":[{"embeddable":true,"href":"https:\/\/wgphoto.pl\/t\/index.php?rest_route=%2Fwp%2Fv2%2Fcomments&post=17967"}],"version-history":[{"count":1,"href":"https:\/\/wgphoto.pl\/t\/index.php?rest_route=\/wp\/v2\/posts\/17967\/revisions"}],"predecessor-version":[{"id":17969,"href":"https:\/\/wgphoto.pl\/t\/index.php?rest_route=\/wp\/v2\/posts\/17967\/revisions\/17969"}],"wp:featuredmedia":[{"embeddable":true,"href":"https:\/\/wgphoto.pl\/t\/index.php?rest_route=\/wp\/v2\/media\/17968"}],"wp:attachment":[{"href":"https:\/\/wgphoto.pl\/t\/index.php?rest_route=%2Fwp%2Fv2%2Fmedia&parent=17967"}],"wp:term":[{"taxonomy":"category","embeddable":true,"href":"https:\/\/wgphoto.pl\/t\/index.php?rest_route=%2Fwp%2Fv2%2Fcategories&post=17967"},{"taxonomy":"post_tag","embeddable":true,"href":"https:\/\/wgphoto.pl\/t\/index.php?rest_route=%2Fwp%2Fv2%2Ftags&post=17967"}],"curies":[{"name":"wp","href":"https:\/\/api.w.org\/{rel}","templated":true}]}}