{"id":17973,"date":"2025-06-01T14:23:17","date_gmt":"2025-06-01T12:23:17","guid":{"rendered":"https:\/\/wgphoto.pl\/t\/?p=17973"},"modified":"2025-06-01T14:23:17","modified_gmt":"2025-06-01T12:23:17","slug":"rumun-miesci-sie-w-kazdych-ramach","status":"publish","type":"post","link":"https:\/\/wgphoto.pl\/t\/?p=17973","title":{"rendered":"Rumun mie\u015bci si\u0119 w ka\u017cdych ramach"},"content":{"rendered":"\n<figure class=\"wp-block-image aligncenter size-full\"><img loading=\"lazy\" decoding=\"async\" width=\"1300\" height=\"870\" src=\"https:\/\/wgphoto.pl\/t\/wp-content\/uploads\/2025\/06\/IMGP5036.jpg\" alt=\"\" class=\"wp-image-17974\" srcset=\"https:\/\/wgphoto.pl\/t\/wp-content\/uploads\/2025\/06\/IMGP5036.jpg 1300w, https:\/\/wgphoto.pl\/t\/wp-content\/uploads\/2025\/06\/IMGP5036-300x201.jpg 300w, https:\/\/wgphoto.pl\/t\/wp-content\/uploads\/2025\/06\/IMGP5036-768x514.jpg 768w\" sizes=\"auto, (max-width: 1300px) 100vw, 1300px\" \/><\/figure>\n\n\n\n<div class=\"wp-block-group has-global-padding is-layout-constrained wp-block-group-is-layout-constrained\">\n<p>ST43-227 z kr\u00f3ciutkim sk\u0142adem (cho\u0107 tego nie wida\u0107) wyje\u017cd\u017ca ze stacji w Koma\u0144czy. 2010-07-23<\/p>\n<\/div>\n","protected":false},"excerpt":{"rendered":"<p>ST43-227 z kr\u00f3ciutkim sk\u0142adem (cho\u0107 tego nie wida\u0107) wyje\u017cd\u017ca ze stacji w Koma\u0144czy. 2010-07-23<\/p>\n","protected":false},"author":1,"featured_media":17974,"comment_status":"open","ping_status":"","sticky":false,"template":"","format":"standard","meta":{"footnotes":""},"categories":[2,86],"tags":[1052,347,45,63,341,27,905,64,344],"class_list":["post-17973","post","type-post","status-publish","format-standard","has-post-thumbnail","hentry","category-kolej","category-rok-2010","tag-2010-07-23","tag-komancza","tag-most","tag-pkp","tag-podkarpacie-2010","tag-polska","tag-przez","tag-st43","tag-tab-pl134"],"_links":{"self":[{"href":"https:\/\/wgphoto.pl\/t\/index.php?rest_route=\/wp\/v2\/posts\/17973","targetHints":{"allow":["GET"]}}],"collection":[{"href":"https:\/\/wgphoto.pl\/t\/index.php?rest_route=\/wp\/v2\/posts"}],"about":[{"href":"https:\/\/wgphoto.pl\/t\/index.php?rest_route=\/wp\/v2\/types\/post"}],"author":[{"embeddable":true,"href":"https:\/\/wgphoto.pl\/t\/index.php?rest_route=\/wp\/v2\/users\/1"}],"replies":[{"embeddable":true,"href":"https:\/\/wgphoto.pl\/t\/index.php?rest_route=%2Fwp%2Fv2%2Fcomments&post=17973"}],"version-history":[{"count":1,"href":"https:\/\/wgphoto.pl\/t\/index.php?rest_route=\/wp\/v2\/posts\/17973\/revisions"}],"predecessor-version":[{"id":17975,"href":"https:\/\/wgphoto.pl\/t\/index.php?rest_route=\/wp\/v2\/posts\/17973\/revisions\/17975"}],"wp:featuredmedia":[{"embeddable":true,"href":"https:\/\/wgphoto.pl\/t\/index.php?rest_route=\/wp\/v2\/media\/17974"}],"wp:attachment":[{"href":"https:\/\/wgphoto.pl\/t\/index.php?rest_route=%2Fwp%2Fv2%2Fmedia&parent=17973"}],"wp:term":[{"taxonomy":"category","embeddable":true,"href":"https:\/\/wgphoto.pl\/t\/index.php?rest_route=%2Fwp%2Fv2%2Fcategories&post=17973"},{"taxonomy":"post_tag","embeddable":true,"href":"https:\/\/wgphoto.pl\/t\/index.php?rest_route=%2Fwp%2Fv2%2Ftags&post=17973"}],"curies":[{"name":"wp","href":"https:\/\/api.w.org\/{rel}","templated":true}]}}