{"id":17976,"date":"2025-06-01T14:24:12","date_gmt":"2025-06-01T12:24:12","guid":{"rendered":"https:\/\/wgphoto.pl\/t\/?p=17976"},"modified":"2026-04-13T19:09:22","modified_gmt":"2026-04-13T17:09:22","slug":"przekladaniec","status":"publish","type":"post","link":"https:\/\/wgphoto.pl\/t\/?p=17976","title":{"rendered":"Przek\u0142adaniec"},"content":{"rendered":"\n<figure class=\"wp-block-image aligncenter size-full\"><img loading=\"lazy\" decoding=\"async\" width=\"1300\" height=\"870\" src=\"https:\/\/wgphoto.pl\/t\/wp-content\/uploads\/2025\/06\/IMGP7958.jpg\" alt=\"\" class=\"wp-image-17977\" srcset=\"https:\/\/wgphoto.pl\/t\/wp-content\/uploads\/2025\/06\/IMGP7958.jpg 1300w, https:\/\/wgphoto.pl\/t\/wp-content\/uploads\/2025\/06\/IMGP7958-300x201.jpg 300w, https:\/\/wgphoto.pl\/t\/wp-content\/uploads\/2025\/06\/IMGP7958-768x514.jpg 768w\" sizes=\"auto, (max-width: 1300px) 100vw, 1300px\" \/><\/figure>\n\n\n\n<div class=\"wp-block-group has-global-padding is-layout-constrained wp-block-group-is-layout-constrained\">\n<p>Nurek 754.049-5 z poci\u0105giem osobowym 4816 z Brna do Jihlavy zatrzymuje si\u0119 przy peronie stacji N\u00e1m\u011b\u0161\u0165 nad Oslavou. 2010-09-16<\/p>\n<\/div>\n","protected":false},"excerpt":{"rendered":"<p>Nurek 754.049-5 z poci\u0105giem osobowym 4816 z Brna do Jihlavy zatrzymuje si\u0119 przy peronie stacji N\u00e1m\u011b\u0161\u0165 nad Oslavou. 2010-09-16<\/p>\n","protected":false},"author":1,"featured_media":17977,"comment_status":"open","ping_status":"","sticky":false,"template":"","format":"standard","meta":{"footnotes":""},"categories":[2,86],"tags":[3115,335,283,50,49,313,3469,1354],"class_list":["post-17976","post","type-post","status-publish","format-standard","has-post-thumbnail","hentry","category-kolej","category-rok-2010","tag-2010-09-16","tag-335","tag-bdhpmnu","tag-cd","tag-czechy","tag-dyzurny","tag-namest-nad-oslavou","tag-tab-cz240"],"_links":{"self":[{"href":"https:\/\/wgphoto.pl\/t\/index.php?rest_route=\/wp\/v2\/posts\/17976","targetHints":{"allow":["GET"]}}],"collection":[{"href":"https:\/\/wgphoto.pl\/t\/index.php?rest_route=\/wp\/v2\/posts"}],"about":[{"href":"https:\/\/wgphoto.pl\/t\/index.php?rest_route=\/wp\/v2\/types\/post"}],"author":[{"embeddable":true,"href":"https:\/\/wgphoto.pl\/t\/index.php?rest_route=\/wp\/v2\/users\/1"}],"replies":[{"embeddable":true,"href":"https:\/\/wgphoto.pl\/t\/index.php?rest_route=%2Fwp%2Fv2%2Fcomments&post=17976"}],"version-history":[{"count":1,"href":"https:\/\/wgphoto.pl\/t\/index.php?rest_route=\/wp\/v2\/posts\/17976\/revisions"}],"predecessor-version":[{"id":17978,"href":"https:\/\/wgphoto.pl\/t\/index.php?rest_route=\/wp\/v2\/posts\/17976\/revisions\/17978"}],"wp:featuredmedia":[{"embeddable":true,"href":"https:\/\/wgphoto.pl\/t\/index.php?rest_route=\/wp\/v2\/media\/17977"}],"wp:attachment":[{"href":"https:\/\/wgphoto.pl\/t\/index.php?rest_route=%2Fwp%2Fv2%2Fmedia&parent=17976"}],"wp:term":[{"taxonomy":"category","embeddable":true,"href":"https:\/\/wgphoto.pl\/t\/index.php?rest_route=%2Fwp%2Fv2%2Fcategories&post=17976"},{"taxonomy":"post_tag","embeddable":true,"href":"https:\/\/wgphoto.pl\/t\/index.php?rest_route=%2Fwp%2Fv2%2Ftags&post=17976"}],"curies":[{"name":"wp","href":"https:\/\/api.w.org\/{rel}","templated":true}]}}